{"id":31781,"date":"2022-08-08T10:43:00","date_gmt":"2022-08-08T13:43:00","guid":{"rendered":"https:\/\/www.radiopresidenteibanez.cl\/web\/?p=31781"},"modified":"2022-08-08T10:36:36","modified_gmt":"2022-08-08T13:36:36","slug":"conservadurismo-y-nueva-constitucion","status":"publish","type":"post","link":"https:\/\/www.radiopresidenteibanez.cl\/web\/conservadurismo-y-nueva-constitucion\/","title":{"rendered":"CONSERVADURISMO y NUEVA CONSTITUCION"},"content":{"rendered":"\n<p>Al\nconservadurismo no le conviene la distribuci\u00f3n del poder, utiliza las m\u00e1s\nvariadas formas, desde el uso pac\u00edfico de la comunicaci\u00f3n de masas hasta la guerra,\ncon tal de evitar que la mayor\u00eda decida sobre su propio destino. Se oponen, en\ntanto, a cualquier pacto social que institucionalice una nueva relaci\u00f3n de\npoder, que signifique la p\u00e9rdida de privilegios desmedidos de una reducida\nminor\u00eda, en lo pol\u00edtico, econ\u00f3mico, cultural y social. Esta corriente pol\u00edtica\nest\u00e1 presente en el espectro pol\u00edtico, con mayor o menor fuerza, de all\u00ed que no\nsea extra\u00f1o que en el bloque llamado \u201csocialismo democr\u00e1tico\u201d y la DC, existan\nrepresentantes que se alinean, abierta o disimuladamente, con la derecha para jug\u00e1rsela\na fondo con tal que siga rigiendo la constituci\u00f3n de la dictadura.<\/p>\n\n\n\n<p>Estos\nconservadores de variado signo partidista abominan de las formas de democracia\ndirecta que se establecer\u00e1n desde la vigencia de la Nueva Constituci\u00f3n. Son\nreacios a que los cambios a los aspectos centrales de la carta magna sean\naprobados en un plebiscito si no se re\u00fane m\u00e1s de los 2\/3 en el parlamento,\ncambios que pueden ser propuestos desde la propia ciudadan\u00eda, es decir\npretenden excluir a quienes afectan en su vida cotidiana las normas\nconstitucionales. Son refractarios a que el pueblo tenga iniciativa de ley,\npara proponer o derogar, a que ostente la potestad de la revocaci\u00f3n del mandato\nde quienes eligi\u00f3 y no cumplieron con su promesa o deber. <\/p>\n\n\n\n<p>Su anti-reformismo\nlos hace renuentes a aceptar una distribuci\u00f3n territorial que equipare a las\nregiones en una C\u00e1mara con atribuciones que inciden en materias que son vitales\npara las regiones y sus territorios y que adem\u00e1s contrapesa el poder del\nejecutivo. Tambi\u00e9n a que se opongan a una aut\u00e9ntica independencia del poder\njudicial, eliminando la injerencia partidista y sectaria en la composici\u00f3n de\nlos tribunales de justicia, que les puede valer un trato preferente y\nprivilegiado en fallos emitidos por personas que requieren su anuencia para\nprogresar en la carrera judicial. Les incomoda que, estando los derechos\nsociales garantidos por un pacto social, termine su capacidad negociadora con\nquienes mercantilizan su acceso y lucran de la necesidad que los origina. <\/p>\n\n\n\n<p>Los resabios\ncolonialistas del conservadurismo no le permite aceptar que el reconocimiento\nde los pueblos subyugados, pre existentes a la formaci\u00f3n de la rep\u00fablica y\navasallados por \u00e9sta, requiere dotarlos de derechos colectivos, de autonom\u00eda e incluir\nsu representaci\u00f3n de modo preferente en \u00f3rganos del estado colectivos de representaci\u00f3n\npopular, nacional, regional y comunal, que estos derechos consideren su\nlibertad para practicar su cultura en todos los \u00e1mbitos de su vida como pueblos,\nintegrados a los derechos y normas que regulan el de todos los que habitamos el\nterritorio del pa\u00eds. &nbsp;<\/p>\n\n\n\n<p>Encontramos\nentre los conservadores a mujeres y hombres que se oponen a la paridad de\ng\u00e9nero en los \u00f3rganos del estado, que se la jugaron que este principio, de\navance civilizatorio, comenzara a regir al terminar su mandato, sobreponiendo\nsu privilegio personal a lo que postulan sus propias formaciones pol\u00edticas, que\nenrabiados por el acortamiento de su mandato promueven f\u00f3rmulas que desconocen\nlo valioso del proceso constituyente, que se reflej\u00f3 en la diversidad, la\nautonom\u00eda, la eficacia, la capacidad de di\u00e1logo y entendimiento con la que\nrepresentantes directos de las comunidades regionales y de los pueblos\noriginarios elaboraron y aprobaron un texto constitucional superando el quorum\nde los 2\/3 de quienes compusieron la Convenci\u00f3n Constitucional. As\u00ed como es\nl\u00f3gico que el conservadurismo no apruebe la Nueva Constituci\u00f3n, el progresismo\nen todas sus variantes y formaciones debe aprobarla sin reservas, marcando su\nvoluntad por el APRUEBO, en donde quiera, pero ineludiblemente en su voto este\npr\u00f3ximo 4 de septiembre.<\/p>\n","protected":false},"excerpt":{"rendered":"<p>Al conservadurismo no le conviene la distribuci\u00f3n del poder, utiliza las m\u00e1s variadas formas, desde el uso pac\u00edfico de la comunicaci\u00f3n de masas hasta la guerra, con tal de evitar&#8230; <a class=\"read-more\" href=\"https:\/\/www.radiopresidenteibanez.cl\/web\/conservadurismo-y-nueva-constitucion\/\">Leer m\u00e1s<\/a><\/p>\n","protected":false},"author":2,"featured_media":31782,"comment_status":"closed","ping_status":"closed","sticky":false,"template":"","format":"standard","meta":{"footnotes":""},"categories":[1],"tags":[],"class_list":["post-31781","post","type-post","status-publish","format-standard","has-post-thumbnail","hentry","category-cronica"],"_links":{"self":[{"href":"https:\/\/www.radiopresidenteibanez.cl\/web\/wp-json\/wp\/v2\/posts\/31781","targetHints":{"allow":["GET"]}}],"collection":[{"href":"https:\/\/www.radiopresidenteibanez.cl\/web\/wp-json\/wp\/v2\/posts"}],"about":[{"href":"https:\/\/www.radiopresidenteibanez.cl\/web\/wp-json\/wp\/v2\/types\/post"}],"author":[{"embeddable":true,"href":"https:\/\/www.radiopresidenteibanez.cl\/web\/wp-json\/wp\/v2\/users\/2"}],"replies":[{"embeddable":true,"href":"https:\/\/www.radiopresidenteibanez.cl\/web\/wp-json\/wp\/v2\/comments?post=31781"}],"version-history":[{"count":0,"href":"https:\/\/www.radiopresidenteibanez.cl\/web\/wp-json\/wp\/v2\/posts\/31781\/revisions"}],"wp:featuredmedia":[{"embeddable":true,"href":"https:\/\/www.radiopresidenteibanez.cl\/web\/wp-json\/wp\/v2\/media\/31782"}],"wp:attachment":[{"href":"https:\/\/www.radiopresidenteibanez.cl\/web\/wp-json\/wp\/v2\/media?parent=31781"}],"wp:term":[{"taxonomy":"category","embeddable":true,"href":"https:\/\/www.radiopresidenteibanez.cl\/web\/wp-json\/wp\/v2\/categories?post=31781"},{"taxonomy":"post_tag","embeddable":true,"href":"https:\/\/www.radiopresidenteibanez.cl\/web\/wp-json\/wp\/v2\/tags?post=31781"}],"curies":[{"name":"wp","href":"https:\/\/api.w.org\/{rel}","templated":true}]}}