{"id":31778,"date":"2022-08-08T09:53:00","date_gmt":"2022-08-08T12:53:00","guid":{"rendered":"https:\/\/www.radiopresidenteibanez.cl\/web\/?p=31778"},"modified":"2022-08-08T09:20:47","modified_gmt":"2022-08-08T12:20:47","slug":"indap-reconoce-a-cuatro-mujeres-por-su-esfuerzo-e-innovacion-agricola-en-magallanes","status":"publish","type":"post","link":"https:\/\/www.radiopresidenteibanez.cl\/web\/indap-reconoce-a-cuatro-mujeres-por-su-esfuerzo-e-innovacion-agricola-en-magallanes\/","title":{"rendered":"INDAP RECONOCE A CUATRO MUJERES POR SU ESFUERZO e INNOVACION AGRICOLA EN MAGALLANES"},"content":{"rendered":"\n<p>Mar\u00eda Alvarado Vidal vive sola y todav\u00eda produce hortalizas a orillas del Canal Beagle, en el sector de R\u00edo Lum, ubicado a 38 kil\u00f3metros de Puerto Williams.&nbsp;&nbsp;A los 81 a\u00f1os de edad la haza\u00f1a la cuenta orgullosa, y aunque ella misma dice que est\u00e1 menos \u00e1gil, y con un paso m\u00e1s cansino, todav\u00eda se da el gusto de comer y vender las lechugas frescas que cosecha en el extremo m\u00e1s austral del planeta. Fue de las primeras homenajeadas en llegar al hotel, salud\u00f3 a todos sus pares, y se emocion\u00f3 cuando la nombraron y la hicieron pasar adelante para recibir el reconocimiento de INDAP por su esfuerzo y vocaci\u00f3n. Hace varios a\u00f1os que no sal\u00eda de la isla y asegur\u00f3 que regresar\u00e1 a su casa \u201ccon el coraz\u00f3n cargado de dicha y muy agradecida por tanto cari\u00f1o\u201d.&nbsp;<\/p>\n\n\n\n<p>Este a\u00f1o, en la regi\u00f3n de Magallanes, la conmemoraci\u00f3n del D\u00eda de las Campesinas y Campesinos se hizo 8 d\u00edas despu\u00e9s de la fecha oficial. Se trata de un encuentro en que participan agricultores de las cuatro provincias (Ant\u00e1rtica, Tierra del Fuego, \u00daltima Esperanza y Magallanes) y que recuerda la promulgaci\u00f3n de la Reforma Agraria, Ley 16.640, y&nbsp;la Sindicalizaci\u00f3n Campesina, 16.625, entre otras normas que rompieron con la estructura&nbsp;agraria&nbsp;tradicional, fundada en el predomino del gran latifundio y una jerarqu\u00eda social, r\u00edgida, autoritaria y paternalista. &nbsp;<\/p>\n\n\n\n<p>Durante el acto realizado en el Hotel Cabo de Hornos, una pieza audiovisual ayud\u00f3 a contextualizar la importancia de la Reforma Agraria y los discursos de las autoridades del agro colocaron el contenido y el entusiasmo para avanzar en los desaf\u00edos que enfrenta el sector.&nbsp;&nbsp;&nbsp;<\/p>\n\n\n\n<p>\u201cEstamos contentas de poder volver a reunirnos, la pandemia impidi\u00f3 el a\u00f1o pasado conmemorar esta fecha hist\u00f3rica y hoy lo hacemos recordando y destacando el trabajo que realiza la agricultura familiar campesina y lo que signific\u00f3 la Reforma Agraria\u201d, dijo Patricia Delgada, presidenta del Consejo Asesor Regional Campesino, CAR.&nbsp;<\/p>\n\n\n\n<p>La segunda premiada fue Teresa Navarro. Ella hace un tiempo atr\u00e1s &nbsp;<\/p>\n\n\n\n<p>regaba con manguera las hortalizas que cubren los m\u00e1s de mil metros cuadrados de su predio en Puerto Natales. Dedicaba sagradamente un m\u00ednimo de dos horas en la ma\u00f1ana, y dos en la tarde. En el proceso -reconoce- perd\u00eda agua y tiempo.&nbsp;&nbsp;&nbsp;Hoy, utiliza riego tecnificado por goteo, y cuenta con guateros y sistemas de canaletas en sus invernaderos para cosechar agua. \u201cEstoy emocionada y agradecida por el apoyo. Sin INDAP no podr\u00edamos tener el avance que hemos logrados. Ojal\u00e1 m\u00e1s j\u00f3venes se motiven por trabajar la tierra, hay mucho qu\u00e9 hacer\u201d, asegur\u00f3 y destac\u00f3 que el trabajo que realiza es compartido con su pareja, Luis Vargas, tambi\u00e9n presente en la ceremonia. &nbsp;<\/p>\n\n\n\n<p>En la provincia de Tierra del Fuego, destac\u00f3 Doraliza Cofr\u00e9, agricultora del sector de Laguna de Los Cisnes, en Porvenir. Dijo que ya tiene una clientela fiel que elige sus productos, frutillas, huevos, y distinto tipo de hortalizas.&nbsp;&nbsp;Para ella lo m\u00e1s dif\u00edcil es luchar contra las heladas que pueden destruir una producci\u00f3n completa de papas. Lleg\u00f3 hoy, directamente al acto, y horas despu\u00e9s regres\u00f3 a su hogar: \u201cHay que cuidar el trabajo que una realiza y en esta \u00e9poca estoy en la etapa de preparar la tierra y reparar invernaderos\u201d, cont\u00f3.&nbsp;<\/p>\n\n\n\n<p>Cristina Paredes fue la elegida en Punta Arenas.&nbsp;&nbsp;Mujer conocida en los Mercados Campesinos que organiza INDAP.&nbsp;&nbsp;Distinguida por la calidad de sus hortalizas, simpat\u00eda y una visi\u00f3n de vida que contagia a sus pares.&nbsp;&nbsp;La agricultura siempre ha sido su br\u00fajula y ha participado en varios programas nacionales de televisi\u00f3n.&nbsp;&nbsp;\u201cEstoy contenta por el reconocimiento que es por mi labor de muchos a\u00f1os, un esfuerzo compartido con mi marido, y la familia que participa, y por el apoyo que tenemos de INDAP\u201d, precis\u00f3.&nbsp;<\/p>\n\n\n\n<p>En la ocasi\u00f3n, el director regional (s) de INDAP, Gabriel Zegers, valor\u00f3 la creatividad,&nbsp;el&nbsp;esfuerzo, la trayectoria y la innovaci\u00f3n&nbsp;de&nbsp;las premiadas.&nbsp;&nbsp;&nbsp;<\/p>\n\n\n\n<p>A su vez, asegur\u00f3 que cada una tiene un curr\u00edculum que representa lo mejor&nbsp;de&nbsp;la agricultura regional. Y que a diario ponen su mejor talento para&nbsp;desarrollar y sostener&nbsp;en&nbsp;el tiempo una agricultura&nbsp;de&nbsp;calidad.&nbsp;&nbsp;Las inst\u00f3 a seguir trabajando de manera conjunta con INDAP y a seguir por la senda de una agricultura sustentable, agroecol\u00f3gica y respetuosa del entorno.&nbsp;<\/p>\n\n\n\n<p>En tanto, la seremi de Agricultura, Irene Ram\u00edrez, asegur\u00f3 que el Gobierno del Presidente Gabriel Boric ha puesto un fuerte \u00e9nfasis en avanzar en la soberan\u00eda alimentaria y en potenciar las capacidades de innovar frente al cambio clim\u00e1tico.&nbsp;<\/p>\n\n\n\n<p>Finalmente, el emotivo e \u00edntimo acto cerr\u00f3 con m\u00fasica de acorde\u00f3n y guitarra, en un d\u00fao liderado por Loreto&nbsp;Clerc, actual presidenta de la agrupaci\u00f3n Yo Joven&amp;Rural de Magallanes.&nbsp;<br><\/p>\n","protected":false},"excerpt":{"rendered":"<p>Mar\u00eda Alvarado Vidal vive sola y todav\u00eda produce hortalizas a orillas del Canal Beagle, en el sector de R\u00edo Lum, ubicado a 38 kil\u00f3metros de Puerto Williams.&nbsp;&nbsp;A los 81 a\u00f1os&#8230; <a class=\"read-more\" href=\"https:\/\/www.radiopresidenteibanez.cl\/web\/indap-reconoce-a-cuatro-mujeres-por-su-esfuerzo-e-innovacion-agricola-en-magallanes\/\">Leer m\u00e1s<\/a><\/p>\n","protected":false},"author":2,"featured_media":31779,"comment_status":"closed","ping_status":"closed","sticky":false,"template":"","format":"standard","meta":{"footnotes":""},"categories":[1],"tags":[],"class_list":["post-31778","post","type-post","status-publish","format-standard","has-post-thumbnail","hentry","category-cronica"],"_links":{"self":[{"href":"https:\/\/www.radiopresidenteibanez.cl\/web\/wp-json\/wp\/v2\/posts\/31778","targetHints":{"allow":["GET"]}}],"collection":[{"href":"https:\/\/www.radiopresidenteibanez.cl\/web\/wp-json\/wp\/v2\/posts"}],"about":[{"href":"https:\/\/www.radiopresidenteibanez.cl\/web\/wp-json\/wp\/v2\/types\/post"}],"author":[{"embeddable":true,"href":"https:\/\/www.radiopresidenteibanez.cl\/web\/wp-json\/wp\/v2\/users\/2"}],"replies":[{"embeddable":true,"href":"https:\/\/www.radiopresidenteibanez.cl\/web\/wp-json\/wp\/v2\/comments?post=31778"}],"version-history":[{"count":0,"href":"https:\/\/www.radiopresidenteibanez.cl\/web\/wp-json\/wp\/v2\/posts\/31778\/revisions"}],"wp:featuredmedia":[{"embeddable":true,"href":"https:\/\/www.radiopresidenteibanez.cl\/web\/wp-json\/wp\/v2\/media\/31779"}],"wp:attachment":[{"href":"https:\/\/www.radiopresidenteibanez.cl\/web\/wp-json\/wp\/v2\/media?parent=31778"}],"wp:term":[{"taxonomy":"category","embeddable":true,"href":"https:\/\/www.radiopresidenteibanez.cl\/web\/wp-json\/wp\/v2\/categories?post=31778"},{"taxonomy":"post_tag","embeddable":true,"href":"https:\/\/www.radiopresidenteibanez.cl\/web\/wp-json\/wp\/v2\/tags?post=31778"}],"curies":[{"name":"wp","href":"https:\/\/api.w.org\/{rel}","templated":true}]}}