{"id":31775,"date":"2022-08-08T09:19:00","date_gmt":"2022-08-08T12:19:00","guid":{"rendered":"https:\/\/www.radiopresidenteibanez.cl\/web\/?p=31775"},"modified":"2022-08-08T14:40:59","modified_gmt":"2022-08-08T17:40:59","slug":"alejandro-avendano-dirigente-sindicato-trabaajdores-enap-ministro-marcel-se-equivoca-y-a-no-confundir-el-impuesto-a-los-combustibles-y-el-mepco-no-es-lo-mismo-lo-que-pide-la-ciudadania-es-la-elimi","status":"publish","type":"post","link":"https:\/\/www.radiopresidenteibanez.cl\/web\/alejandro-avendano-dirigente-sindicato-trabaajdores-enap-ministro-marcel-se-equivoca-y-a-no-confundir-el-impuesto-a-los-combustibles-y-el-mepco-no-es-lo-mismo-lo-que-pide-la-ciudadania-es-la-elimi\/","title":{"rendered":"Alejandro Avenda\u00f1o dirigente sindicato trabajadores Enap \u00abMinistro Marcel se equivoca y a no confundir, el impuesto a los combustibles y el Mepco no es lo mismo, lo que pide la ciudadan\u00eda es la eliminaci\u00f3n del impuesto\u00bb"},"content":{"rendered":"\n<p><em>Para\nAlejandro Avenda\u00f1o Gallardo, dirigente sindical de los petroleros se\u00f1alo: lo\nque la angustiada ciudadan\u00eda pide a gritos es la eliminaci\u00f3n al impuesto\nespec\u00edfico a los combustibles que hoy impacta fuertemente en $353 por litro y\npagar solamente en Iva<\/em><em>. <\/em><\/p>\n\n\n\n<p><em>Quiero\nrecordarle al ministro de hacienda que cuando se crea este impuesto el a\u00f1o 1986\n(transitorio) no se crea con ning\u00fan mecanismo de estabilizaci\u00f3n a los precios\nde los combustibles, e<\/em>n los \u00faltimos 31 a\u00f1os han\nexistido formalmente cuatro mecanismos de estabilizaci\u00f3n de precios de\ncombustibles. En 1991 se cre\u00f3 el Fondo de Estabilizaci\u00f3n de los Precios del\nPetr\u00f3leo (FEPP) de manera de atenuar los efectos de las alzas en los precios de\ncombustibles derivadas producto de la\ncrisis del Golfo y poder contener las alzas de los combustibles, esto fue bajo\nel gobierno del Presidente Patricio Aylwin, pero tambi\u00e9n es bueno recordar que\nel gobierno de Aylwin aumento el impuesto de las 2 UTM a 3,49 UTM lo que\nclaramente ah\u00ed comenzaron los diferentes impactos ya que los otros gobiernos de\nla concertaci\u00f3n lo siguieron aumentando y el que lo llevo a los actuales 6 UTM\nfue el gobierno de Ricardo Lagos.<em> &nbsp;&nbsp;<\/em><\/p>\n\n\n\n<p>Este fondo (FEPP) oper\u00f3\nhasta el a\u00f1o 2005 cuando fue reemplazado por un nuevo fondo, el Fondo de\nEstabilizaci\u00f3n de Precio de Combustibles, (FEPCO). Este fondo se cre\u00f3 en\nrespuesta a los efectos del hurac\u00e1n Katrina en los precios de las gasolinas,\ncuyas alzas no pudieron ser acotadas por el FEPP. Ambos fondos establec\u00edan un\nmecanismo de estabilizaci\u00f3n de precios a partir de una banda en torno a un\nprecio de referencia.<em><\/em><\/p>\n\n\n\n<p>En julio del a\u00f1o 2010 se\nintrodujo el Sistema de Protecci\u00f3n a los Contribuyentes ante las Variaciones de\nlos Precios Internacionales de los Combustibles (SIPCO), en remplazo del FEPCO.\nAl igual que los fondos de estabilizaci\u00f3n que le precedieron, este sistema\nestablec\u00eda una regla para acotar los cambios en los precios mayoristas de los\ncombustibles en base a una banda de precios. A diferencia de los fondos, el\ninstrumento para garantizar que el precio mayorista se ubicase dentro de la\nbanda eran ajustes en el Impuesto Espec\u00edfico de los Combustibles.<\/p>\n\n\n\n<p>En el a\u00f1o 2014,\n&nbsp;bajo el gobierno de la presidenta\nMichelle Bachelet se cre\u00f3 un nuevo Mecanismo de Estabilizaci\u00f3n de Precios de\nlos Combustibles (MEPCO) que opera sobre la base de incrementos o rebajas al\nImpuesto Espec\u00edfico a los Combustibles, con el objetivo de lograr un mayor\nefecto estabilizador en los precios internos de los combustibles y que en\npalabras simples significaba que los combustibles indiferente del\ncomportamiento de los mercados externos no podr\u00edan subir m\u00e1s de cinco pesos por\nlitro semanalmente como as\u00ed tambi\u00e9n a la baja en el mismo valor, y as\u00ed fue funcionando\npero la sorpresa mayor es que en vez de los 6 pesos que estaba subiendo y\nproducto del alza de la UTM ahora el actual gobierno lo aumento a trece pesos\npor litro semanalmente con una explicaci\u00f3n por parte del ministro de hacienda\npara que no se agote el subsidio tan r\u00e1pido los tres mil millones de d\u00f3lares\nque se le inyectaron, pero no es lo que dice la ley como fue aprobada.<em><\/em><\/p>\n\n\n\n<p><em>Finalmente,\npara Avenda\u00f1o se debe decir la verdad sobre este injusto impuesto, ministro\ninsistimos se elimine este impuesto y solo pague IVA, si se necesita m\u00e1s\nrecursos que lo paguen las grandes empresas, navieras, aviaci\u00f3n, forestales,\nmineras en eso nada opinan.<\/em><\/p>\n","protected":false},"excerpt":{"rendered":"<p>Para Alejandro Avenda\u00f1o Gallardo, dirigente sindical de los petroleros se\u00f1alo: lo que la angustiada ciudadan\u00eda pide a gritos es la eliminaci\u00f3n al impuesto espec\u00edfico a los combustibles que hoy impacta&#8230; <a class=\"read-more\" href=\"https:\/\/www.radiopresidenteibanez.cl\/web\/alejandro-avendano-dirigente-sindicato-trabaajdores-enap-ministro-marcel-se-equivoca-y-a-no-confundir-el-impuesto-a-los-combustibles-y-el-mepco-no-es-lo-mismo-lo-que-pide-la-ciudadania-es-la-elimi\/\">Leer m\u00e1s<\/a><\/p>\n","protected":false},"author":2,"featured_media":31776,"comment_status":"closed","ping_status":"closed","sticky":false,"template":"","format":"standard","meta":{"footnotes":""},"categories":[1],"tags":[],"class_list":["post-31775","post","type-post","status-publish","format-standard","has-post-thumbnail","hentry","category-cronica"],"_links":{"self":[{"href":"https:\/\/www.radiopresidenteibanez.cl\/web\/wp-json\/wp\/v2\/posts\/31775","targetHints":{"allow":["GET"]}}],"collection":[{"href":"https:\/\/www.radiopresidenteibanez.cl\/web\/wp-json\/wp\/v2\/posts"}],"about":[{"href":"https:\/\/www.radiopresidenteibanez.cl\/web\/wp-json\/wp\/v2\/types\/post"}],"author":[{"embeddable":true,"href":"https:\/\/www.radiopresidenteibanez.cl\/web\/wp-json\/wp\/v2\/users\/2"}],"replies":[{"embeddable":true,"href":"https:\/\/www.radiopresidenteibanez.cl\/web\/wp-json\/wp\/v2\/comments?post=31775"}],"version-history":[{"count":0,"href":"https:\/\/www.radiopresidenteibanez.cl\/web\/wp-json\/wp\/v2\/posts\/31775\/revisions"}],"wp:featuredmedia":[{"embeddable":true,"href":"https:\/\/www.radiopresidenteibanez.cl\/web\/wp-json\/wp\/v2\/media\/31776"}],"wp:attachment":[{"href":"https:\/\/www.radiopresidenteibanez.cl\/web\/wp-json\/wp\/v2\/media?parent=31775"}],"wp:term":[{"taxonomy":"category","embeddable":true,"href":"https:\/\/www.radiopresidenteibanez.cl\/web\/wp-json\/wp\/v2\/categories?post=31775"},{"taxonomy":"post_tag","embeddable":true,"href":"https:\/\/www.radiopresidenteibanez.cl\/web\/wp-json\/wp\/v2\/tags?post=31775"}],"curies":[{"name":"wp","href":"https:\/\/api.w.org\/{rel}","templated":true}]}}