{"id":31763,"date":"2022-08-06T17:19:00","date_gmt":"2022-08-06T20:19:00","guid":{"rendered":"https:\/\/www.radiopresidenteibanez.cl\/web\/?p=31763"},"modified":"2022-08-05T10:31:31","modified_gmt":"2022-08-05T13:31:31","slug":"organizaciones-migrantes-y-promigrantes-promueven-participacion-de-sus-comunidades-en-el-plebiscito-de-salida","status":"publish","type":"post","link":"https:\/\/www.radiopresidenteibanez.cl\/web\/organizaciones-migrantes-y-promigrantes-promueven-participacion-de-sus-comunidades-en-el-plebiscito-de-salida\/","title":{"rendered":"ORGANIZACIONES MIGRANTES Y PROMIGRANTES PROMUEVEN PARTICIPACI\u00d3N DE SUS COMUNIDADES EN EL PLEBISCITO DE SALIDA"},"content":{"rendered":"\n<p>A trav\u00e9s de la campa\u00f1a MI VOTO CUENTA, el proyecto CRISOL: Movilidad Humana y Derechos, y la Red Nacional de Organizaciones Migrantes y Promigrantes de Chile, buscan informar a las personas migrantes<br> de los principales contenidos de la propuesta de nueva Constituci\u00f3n, as\u00ed como promover la participaci\u00f3n en el plebiscito de salida.<br> La campa\u00f1a se est\u00e1 implementando tanto de manera territorial, como virtual, con talleres y el uso de piezas gr\u00e1ficas de apoyo como volantes, afiches, y una gu\u00eda pr\u00e1ctica que releva los principales aspectos de la<br> propuesta, acerca del Estado intercultural y plurinacional, participaci\u00f3n ciudadana, derechos fundamentales, y aquellos que conciernen principalmente a la comunidad migrante como libertad<br> ambulatoria, refugio, entre otros.<br> En este sentido, en d\u00edas recientes se dio inici\u00f3 a la campa\u00f1a \u201cMi Voto Cuenta\u201d, en el Encuentro Intercultural por una Nueva Constituci\u00f3n, en Antofagasta, donde se reunieron dirigentas y dirigentes<br> migrantes, entre ellos, Elizabeth Andrade, premio nacional de Derechos Humanos 2022.<br> \u201cEs muy importante que como migrantes estemos al d\u00eda y no quedarnos al margen. Este proceso es de esperanza para migrantes y chilenos, para una vida m\u00e1s digna, de integraci\u00f3n e interculturalidad, Y no solo<br> para las comunidades \u00e9tnicas sino tambi\u00e9n para las y los ciudadanos del mundo\u201d, manifest\u00f3 Elizabeth Andrade, reconocida dirigente del movimiento de Pobladores en Antofagasta, y quien tambi\u00e9n integra la<br> Corporaci\u00f3n Los Arenales Rompiendo Barreras (Antofagasta).<br> Respecto a las expectativas de la campa\u00f1a, Antonia Garc\u00e9s, coordinadora del proyecto CRISOL, se\u00f1al\u00f3: \u201cesperamos que pueda llegar a organizaciones de migrantes y promigrantes de base, y a vecinos y vecinas<br> migrantes de todo Chile, para que el pr\u00f3ximo 4 de septiembre puedan tomar una decisi\u00f3n libre e informada. <\/p>\n\n\n\n<p>Desde Crisol nos parece que las personas que aqu\u00ed viven, que aqu\u00ed desarrollan su vida, educan a sus hijas e hijos, tienen derecho a participar de este proceso hist\u00f3rico y pueden decidir sobre el futuro de<br> Chile que tambi\u00e9n es el suyo\u201d.<br> Por su parte, Francisco Bazo, dirigente de la Red Nacional de Organizaciones Migrantes y Promigrantes, destac\u00f3 la utilidad que tiene el material que se est\u00e1 difundiendo para comprender los contenidos de la<br> propuesta constitucional, y fomentar el voto informado entre las colectividades de migrantes de base.<\/p>\n\n\n\n<p> El material de campa\u00f1a que se puede descargar, ingresando al sitio web: http:\/\/crisolchile.org\/, tambi\u00e9n se est\u00e1 compartiendo de manera impresa en espacios y territorios donde la red y el proyecto tienen mayor incidencia, como ocurre en las regiones de Antofagasta, Arica, Tarapac\u00e1, Valpara\u00edso, Coquimbo, Regi\u00f3n Metropolitana, y la Araucan\u00eda.<br><\/p>\n","protected":false},"excerpt":{"rendered":"<p>A trav\u00e9s de la campa\u00f1a MI VOTO CUENTA, el proyecto CRISOL: Movilidad Humana y Derechos, y la Red Nacional de Organizaciones Migrantes y Promigrantes de Chile, buscan informar a las&#8230; <a class=\"read-more\" href=\"https:\/\/www.radiopresidenteibanez.cl\/web\/organizaciones-migrantes-y-promigrantes-promueven-participacion-de-sus-comunidades-en-el-plebiscito-de-salida\/\">Leer m\u00e1s<\/a><\/p>\n","protected":false},"author":2,"featured_media":31764,"comment_status":"closed","ping_status":"closed","sticky":false,"template":"","format":"standard","meta":{"footnotes":""},"categories":[1],"tags":[],"class_list":["post-31763","post","type-post","status-publish","format-standard","has-post-thumbnail","hentry","category-cronica"],"_links":{"self":[{"href":"https:\/\/www.radiopresidenteibanez.cl\/web\/wp-json\/wp\/v2\/posts\/31763","targetHints":{"allow":["GET"]}}],"collection":[{"href":"https:\/\/www.radiopresidenteibanez.cl\/web\/wp-json\/wp\/v2\/posts"}],"about":[{"href":"https:\/\/www.radiopresidenteibanez.cl\/web\/wp-json\/wp\/v2\/types\/post"}],"author":[{"embeddable":true,"href":"https:\/\/www.radiopresidenteibanez.cl\/web\/wp-json\/wp\/v2\/users\/2"}],"replies":[{"embeddable":true,"href":"https:\/\/www.radiopresidenteibanez.cl\/web\/wp-json\/wp\/v2\/comments?post=31763"}],"version-history":[{"count":0,"href":"https:\/\/www.radiopresidenteibanez.cl\/web\/wp-json\/wp\/v2\/posts\/31763\/revisions"}],"wp:featuredmedia":[{"embeddable":true,"href":"https:\/\/www.radiopresidenteibanez.cl\/web\/wp-json\/wp\/v2\/media\/31764"}],"wp:attachment":[{"href":"https:\/\/www.radiopresidenteibanez.cl\/web\/wp-json\/wp\/v2\/media?parent=31763"}],"wp:term":[{"taxonomy":"category","embeddable":true,"href":"https:\/\/www.radiopresidenteibanez.cl\/web\/wp-json\/wp\/v2\/categories?post=31763"},{"taxonomy":"post_tag","embeddable":true,"href":"https:\/\/www.radiopresidenteibanez.cl\/web\/wp-json\/wp\/v2\/tags?post=31763"}],"curies":[{"name":"wp","href":"https:\/\/api.w.org\/{rel}","templated":true}]}}