{"id":31757,"date":"2022-08-06T13:12:35","date_gmt":"2022-08-06T16:12:35","guid":{"rendered":"https:\/\/www.radiopresidenteibanez.cl\/web\/?p=31757"},"modified":"2022-08-05T10:19:52","modified_gmt":"2022-08-05T13:19:52","slug":"invitan-a-participar-en-la-consulta-ciudadana-de-la-estrategia-de-empoderamiento-climatico","status":"publish","type":"post","link":"https:\/\/www.radiopresidenteibanez.cl\/web\/invitan-a-participar-en-la-consulta-ciudadana-de-la-estrategia-de-empoderamiento-climatico\/","title":{"rendered":"Invitan a participar en la Consulta Ciudadana de la Estrategia de Empoderamiento Clim\u00e1tico"},"content":{"rendered":"\n<p>Este jueves se realiz\u00f3 v\u00eda remota en magallanes el taller regional de participaci\u00f3n ciudadana para la Estrategia de Desarrollo de Capacidades y Empoderamiento Clim\u00e1tica, oportunidad en la que participaron representantes de la sociedad civil, academia, servicios p\u00fablicos y privados.<\/p>\n\n\n\n<p>La reuni\u00f3n fue liderada por la Seremi del Medio Ambiente, Daniela Droguett Caro, quien destac\u00f3 la importancia de conocer la visi\u00f3n desde los territorios. \u201cQueremos ser el primer Gobierno ecol\u00f3gico y para afrontar la crisis clim\u00e1tica y ecol\u00f3gica, estamos trabajando en diversas acciones junto a las comunidades de la regi\u00f3n de magallanes. Durante esta jornada, avanzamos en conocer la visi\u00f3n del mundo social, p\u00fablico y privado para fortalecer la estrategia clim\u00e1tica. Adem\u00e1s, les invitamos a revisar el documento y entregar sus observaciones en https:\/\/mma.gob.cl\/participacion-ciudadana\/\u201d<\/p>\n\n\n\n<p>La estrategia tiene por objetivo entregar lineamientos y orientaciones que deben ser considerados en los instrumentos de gesti\u00f3n clim\u00e1tica (planes sectoriales de mitigaci\u00f3n y adaptaci\u00f3n, planes de acci\u00f3n regional y planes comunales de cambio clim\u00e1tico) y otros instrumentos para fortalecer las capacidades de las personas y organizaciones que permitan alcanzar las metas de mitigaci\u00f3n y adaptaci\u00f3n del pa\u00eds, con una mirada regional.<\/p>\n\n\n\n<p>La autoridad ambiental agreg\u00f3 que \u201cactualmente estamos trabajando en la elaboraci\u00f3n del Plan de Acci\u00f3n Regional de Cambio Clim\u00e1tico para Magallanes junto al Gobierno Regional y pr\u00f3ximamente impulsaremos actividades participativas junto al Comit\u00e9 Regional de Cambio Clim\u00e1tico (CORECC) que se fusion\u00f3 con la Comisi\u00f3n Regional de Emergencia Clim\u00e1tica. Todas y todos son necesarios cumplir la meta de carbono neutralidad al 2050 y necesitamos una ciudadan\u00eda sensibilizada, activa y con capacidades pol\u00edticas, sociales y t\u00e9cnicas que le permitan ser protagonista en este proceso\u201d, agreg\u00f3 Droguett.<\/p>\n\n\n\n<p>La Consulta Ciudadana para la Estrategia de Desarrollo de Capacidades y Empoderamiento Clim\u00e1tico estar\u00e1 disponible hasta el 10 de agosto en el sitio web https:\/\/mma.gob.cl\/participacion-ciudadana\/<\/p>\n","protected":false},"excerpt":{"rendered":"<p>Este jueves se realiz\u00f3 v\u00eda remota en magallanes el taller regional de participaci\u00f3n ciudadana para la Estrategia de Desarrollo de Capacidades y Empoderamiento Clim\u00e1tica, oportunidad en la que participaron representantes&#8230; <a class=\"read-more\" href=\"https:\/\/www.radiopresidenteibanez.cl\/web\/invitan-a-participar-en-la-consulta-ciudadana-de-la-estrategia-de-empoderamiento-climatico\/\">Leer m\u00e1s<\/a><\/p>\n","protected":false},"author":2,"featured_media":31758,"comment_status":"closed","ping_status":"closed","sticky":false,"template":"","format":"standard","meta":{"footnotes":""},"categories":[1],"tags":[],"class_list":["post-31757","post","type-post","status-publish","format-standard","has-post-thumbnail","hentry","category-cronica"],"_links":{"self":[{"href":"https:\/\/www.radiopresidenteibanez.cl\/web\/wp-json\/wp\/v2\/posts\/31757","targetHints":{"allow":["GET"]}}],"collection":[{"href":"https:\/\/www.radiopresidenteibanez.cl\/web\/wp-json\/wp\/v2\/posts"}],"about":[{"href":"https:\/\/www.radiopresidenteibanez.cl\/web\/wp-json\/wp\/v2\/types\/post"}],"author":[{"embeddable":true,"href":"https:\/\/www.radiopresidenteibanez.cl\/web\/wp-json\/wp\/v2\/users\/2"}],"replies":[{"embeddable":true,"href":"https:\/\/www.radiopresidenteibanez.cl\/web\/wp-json\/wp\/v2\/comments?post=31757"}],"version-history":[{"count":0,"href":"https:\/\/www.radiopresidenteibanez.cl\/web\/wp-json\/wp\/v2\/posts\/31757\/revisions"}],"wp:featuredmedia":[{"embeddable":true,"href":"https:\/\/www.radiopresidenteibanez.cl\/web\/wp-json\/wp\/v2\/media\/31758"}],"wp:attachment":[{"href":"https:\/\/www.radiopresidenteibanez.cl\/web\/wp-json\/wp\/v2\/media?parent=31757"}],"wp:term":[{"taxonomy":"category","embeddable":true,"href":"https:\/\/www.radiopresidenteibanez.cl\/web\/wp-json\/wp\/v2\/categories?post=31757"},{"taxonomy":"post_tag","embeddable":true,"href":"https:\/\/www.radiopresidenteibanez.cl\/web\/wp-json\/wp\/v2\/tags?post=31757"}],"curies":[{"name":"wp","href":"https:\/\/api.w.org\/{rel}","templated":true}]}}