{"id":3173,"date":"2019-04-08T20:23:04","date_gmt":"2019-04-08T20:23:04","guid":{"rendered":"http:\/\/www.radiopresidenteibanez.cl\/web\/?p=3173"},"modified":"2019-04-08T20:23:18","modified_gmt":"2019-04-08T20:23:18","slug":"exitosa-cirugia-de-reconstruccion-de-recto-via-laparoscopica-en-hospital-clinico-de-magallanes","status":"publish","type":"post","link":"https:\/\/www.radiopresidenteibanez.cl\/web\/exitosa-cirugia-de-reconstruccion-de-recto-via-laparoscopica-en-hospital-clinico-de-magallanes\/","title":{"rendered":"EXITOSA CIRUG\u00cdA DE RECONSTRUCCI\u00d3N DE RECTO V\u00cdA LAPAROSC\u00d3PICA EN HOSPITAL CL\u00cdNICO DE MAGALLANES"},"content":{"rendered":"\n<p>Tras\nuna d\u00e9cada sufriendo intensos dolores al colon y diagnosticada con una colitis\nulcerosa, Maritza Almonacid C\u00e1rdenas, magall\u00e1nica de 45 a\u00f1os, de a poco&nbsp; ha ido encontrando la tranquilidad que tanto\nesperaba. En septiembre pasado, fue sometida a la primera de tres\nintervenciones que le devolver\u00e1n la autonom\u00eda, seguridad y confianza que en un\nmomento estuvieron perdidas debido a las&nbsp;\nfuertes diarreas que le imped\u00edan incluso, tomar agua.<\/p>\n\n\n\n<p>Durante\nla primavera del 2018, Maritza fue sometida a la primera intervenci\u00f3n\ncoloproctol\u00f3gica de su vida, en donde su colon fue extirpado completamente\n(colectom\u00eda) y en reemplazo, se le realiz\u00f3 una ileostom\u00eda, &nbsp;&nbsp;procedimiento quir\u00fargico en el cual una\nporci\u00f3n del \u00edleon se expone a trav\u00e9s de una abertura en la pared abdominal,\npara permitir el paso de heces.<\/p>\n\n\n\n<p>Desde ese d\u00eda, Maritza cuenta que todo ha sido distinto: \u201cHace diez \u00a0a\u00f1os sufro colitis ulcerosa que se manifest\u00f3 por una etapa de estr\u00e9s que pas\u00e9, intensos dolores al colon y diarreas constantes me impidieron poder realizar mi vida normal, porque todo lo botaba, no ten\u00eda control, no toleraba \u00a0el agua;\u00a0 una vez baj\u00e9 12 kilos en un mes. El Dr. G\u00f3mez me oper\u00f3 y me puse en sus manos, me sac\u00f3 el colon y me dejo mi bolsita con la que ando m\u00e1s tranquila y sin pensar que pasar\u00e9 verg\u00fcenzas\u201d, se\u00f1al\u00f3 muy emocionada. <\/p>\n\n\n\n<p>La segunda intervenci\u00f3n fue la reconstrucci\u00f3n mediante la t\u00e9cnica de reservorio ileal, se realiz\u00f3 el 5 de abril y consisti\u00f3 en\u00a0 confeccionar un nuevo recto a trav\u00e9s de cirug\u00eda laparosc\u00f3pica, que es una t\u00e9cnica menos invasiva, con incisiones m\u00ednimas \u00a0y de r\u00e1pida recuperaci\u00f3n post operatoria. <\/p>\n\n\n\n<p>El Dr. Javier G\u00f3mez, Cirujano Coloproct\u00f3logo HCM y cargo de la intervenci\u00f3n de Maritza cuenta que este tipo de cirug\u00edas son poco frecuentes en zonas con menor demograf\u00eda. En esta ocasi\u00f3n invit\u00f3 al coloproct\u00f3logo del Hospital Cl\u00ednico de la Universidad Cat\u00f3lica, Dr. Felipe Bellolio a participar de esta cirug\u00eda: \u201cSiempre es bueno tener nexos con centros de referencia de patolog\u00edas inflamatorias gastrointestinales a nivel pa\u00eds, porque tienen mucha experiencia y nos pueden colaborar con su conocimiento. En el caso de Maritza, pudimos construir un nuevo recto para que ella tenga una funci\u00f3n intestinal normal, s\u00f3lo falta la tercera cirug\u00eda que se realizar\u00e1 en los pr\u00f3ximos meses y que consistir\u00e1 en cerrar definitivamente la ileostom\u00eda, quedando con un tr\u00e1nsito normal\u201d, agreg\u00f3. <\/p>\n\n\n\n<p>El\nm\u00e9dico invitado a participar de esta cirug\u00eda, el Dr. Felipe Bellolio, mencion\u00f3\nque es segunda vez que viene a HCM, \u201cYo trabajo en un centro de referencia por\nlo que tenemos exposici\u00f3n a este tipo de cirug\u00edas y a este tipo de pacientes\ncon m\u00e1s &nbsp;frecuencia, la verdad que en\nesta cirug\u00eda todo result\u00f3 bien, sali\u00f3 como lo esperado. Yo feliz de venir a\nacompa\u00f1ar a Dr. G\u00f3mez en este hospital porque es &nbsp;todo lo que uno espera, agradable y expedito,\ntodo estaba bien dispuesto y estoy muy agradecido\u201d, enfatiz\u00f3. <\/p>\n\n\n\n<p>En\ntanto, Maritza agradece poder haber sido sometida a esta serie de cirug\u00edas que\nle devolver\u00e1n por completo la calidad de vida, \u201cAgradezco enormemente al Dr. Karelovic\ny el Dr. G\u00f3mez quienes se preocuparon de m\u00ed desde el primer momento, el primero\ncon el tratamiento y el segundo con la cirug\u00edas que van a permitir que pueda\nsonre\u00edrle a la vida sin volver a pasar verg\u00fcenzas\u201d, culmin\u00f3.<\/p>\n\n\n\n<p>Se espera que durante este a\u00f1o sean sometidos a cirug\u00eda de este tipo, pacientes que ya se han realizado colectom\u00eda total. <\/p>\n\n\n\n<figure class=\"wp-block-image\"><img loading=\"lazy\" decoding=\"async\" width=\"900\" height=\"600\" src=\"https:\/\/www.radiopresidenteibanez.cl\/web\/wp-content\/uploads\/2019\/04\/IMG_7703.jpg\" alt=\"\" class=\"wp-image-3174\" srcset=\"https:\/\/www.radiopresidenteibanez.cl\/web\/wp-content\/uploads\/2019\/04\/IMG_7703.jpg 900w, https:\/\/www.radiopresidenteibanez.cl\/web\/wp-content\/uploads\/2019\/04\/IMG_7703-300x200.jpg 300w, https:\/\/www.radiopresidenteibanez.cl\/web\/wp-content\/uploads\/2019\/04\/IMG_7703-768x512.jpg 768w\" sizes=\"auto, (max-width: 900px) 100vw, 900px\" \/><\/figure>\n","protected":false},"excerpt":{"rendered":"<p>Tras una d\u00e9cada sufriendo intensos dolores al colon y diagnosticada con una colitis ulcerosa, Maritza Almonacid C\u00e1rdenas, magall\u00e1nica de 45 a\u00f1os, de a poco&nbsp; ha ido encontrando la tranquilidad que&#8230; <a class=\"read-more\" href=\"https:\/\/www.radiopresidenteibanez.cl\/web\/exitosa-cirugia-de-reconstruccion-de-recto-via-laparoscopica-en-hospital-clinico-de-magallanes\/\">Leer m\u00e1s<\/a><\/p>\n","protected":false},"author":2,"featured_media":3174,"comment_status":"closed","ping_status":"closed","sticky":false,"template":"","format":"standard","meta":{"footnotes":""},"categories":[1],"tags":[],"class_list":["post-3173","post","type-post","status-publish","format-standard","has-post-thumbnail","hentry","category-cronica"],"_links":{"self":[{"href":"https:\/\/www.radiopresidenteibanez.cl\/web\/wp-json\/wp\/v2\/posts\/3173","targetHints":{"allow":["GET"]}}],"collection":[{"href":"https:\/\/www.radiopresidenteibanez.cl\/web\/wp-json\/wp\/v2\/posts"}],"about":[{"href":"https:\/\/www.radiopresidenteibanez.cl\/web\/wp-json\/wp\/v2\/types\/post"}],"author":[{"embeddable":true,"href":"https:\/\/www.radiopresidenteibanez.cl\/web\/wp-json\/wp\/v2\/users\/2"}],"replies":[{"embeddable":true,"href":"https:\/\/www.radiopresidenteibanez.cl\/web\/wp-json\/wp\/v2\/comments?post=3173"}],"version-history":[{"count":0,"href":"https:\/\/www.radiopresidenteibanez.cl\/web\/wp-json\/wp\/v2\/posts\/3173\/revisions"}],"wp:featuredmedia":[{"embeddable":true,"href":"https:\/\/www.radiopresidenteibanez.cl\/web\/wp-json\/wp\/v2\/media\/3174"}],"wp:attachment":[{"href":"https:\/\/www.radiopresidenteibanez.cl\/web\/wp-json\/wp\/v2\/media?parent=3173"}],"wp:term":[{"taxonomy":"category","embeddable":true,"href":"https:\/\/www.radiopresidenteibanez.cl\/web\/wp-json\/wp\/v2\/categories?post=3173"},{"taxonomy":"post_tag","embeddable":true,"href":"https:\/\/www.radiopresidenteibanez.cl\/web\/wp-json\/wp\/v2\/tags?post=3173"}],"curies":[{"name":"wp","href":"https:\/\/api.w.org\/{rel}","templated":true}]}}