{"id":31725,"date":"2022-08-05T11:16:00","date_gmt":"2022-08-05T14:16:00","guid":{"rendered":"https:\/\/www.radiopresidenteibanez.cl\/web\/?p=31725"},"modified":"2022-08-05T09:19:38","modified_gmt":"2022-08-05T12:19:38","slug":"municipio-de-punta-arenas-invita-a-vecinos-a-celebrar-el-dia-de-la-ninez-este-sabado","status":"publish","type":"post","link":"https:\/\/www.radiopresidenteibanez.cl\/web\/municipio-de-punta-arenas-invita-a-vecinos-a-celebrar-el-dia-de-la-ninez-este-sabado\/","title":{"rendered":"MUNICIPIO DE PUNTA ARENAS INVITA A VECINOS A CELEBRAR EL DIA DE LA NI\u00d1EZ ESTE SABADO"},"content":{"rendered":"\n<p>\n\nEste s\u00e1bado (6 de agosto), a las 12 horas, el Municipio de Punta Arenas realizar\u00e1 una divertida actividad para celebrar el D\u00eda de la Ni\u00f1ez, la cual contar\u00e1 con el apoyo de distintas instituciones que dar\u00e1n vida y entusiasmo a la celebraci\u00f3n.<br>\u201cLo que estamos buscando es invitar a todos nuestros vecinos chiquititos, para que vengan a celebrar su d\u00eda este s\u00e1bado desde las 12 del d\u00eda hasta las 14.30 de la tarde, vamos a estar en esta esquina, as\u00ed que estamos muy contentos de poder tener una actividad pensada para los ni\u00f1os, para nuestras familias y que lo puedan pasar bien\u201d, afirm\u00f3 el alcalde de Punta Arenas, Claudio Radonich.<br>F\u00fatbol Tenis, Juegos Inflables, Muestra Canina, Set de Televisi\u00f3n para ni\u00f1as y ni\u00f1os, muestra de f\u00f3siles, tipos de rocas y piedras, son s\u00f3lo algunas de las iniciativas que se encontrar\u00e1n disponibles este s\u00e1bado, para que los m\u00e1s peque\u00f1os puedan divertirse, aprender y estar en contacto con sus pares.<br>\u201cNosotros participaremos con un stand en el que se va a hacer una simulaci\u00f3n de un mini Cesfam. El ni\u00f1o va a tener la opci\u00f3n de ser tanto paciente como profesional. Si elige la opci\u00f3n de profesional, se le va a entregar un caso cl\u00ednico, obviamente f\u00e1cil de resolver. El ni\u00f1o va a resolver este caso y el paciente va a ir a retirar sus remedios a farmacia\u201d, afirm\u00f3 Valeska Montoya, representante del Servicio de Salud Magallanes, quienes estar\u00e1n presentes en la actividad.<br>\u201cLo que queremos transmitir es como educadores para las futuras generaciones. A fin de cuentas, son quienes podemos ense\u00f1arles lo que es la tenencia responsable y son quienes pueden absorber toda esta informaci\u00f3n\u201d, indic\u00f3 Diego Fern\u00e1ndez, representante de Veterinaria del Estrecho, quienes tambi\u00e9n participar\u00e1n con un stand.<br>En tanto, Gisela Reyes, directora de la Academia de Danza Magallanes Dance Team, se\u00f1al\u00f3 que \u201cTraeremos 3 n\u00fameros art\u00edsticos de peque\u00f1itos desde los 4 a\u00f1os hasta los 18 a\u00f1os de edad, donde queremos promover esta instancia de la disciplina a trav\u00e9s de la danza\u201d.<br>Adem\u00e1s, el evento contar\u00e1 con la presencia del carro ganador del Carnaval de Invierno 2022, de Asmar Magallanes, que recre\u00f3 a Avengers y la lucha entre Iron Man y Thanos. \u201cEl d\u00eda s\u00e1bado vamos a participar con nuestro Carro Aleg\u00f3rico, con Thanos y Iron Man, para ser parte de esta actividad que es la Fiesta del D\u00eda del Ni\u00f1o. Como Asmar estamos muy contentos de, nuevamente, participar con nuestra familia en esta actividad para la comunidad de Punta Arenas\u201d, se\u00f1al\u00f3 el comandante Jos\u00e9 Ferrada, de Asmar Magallanes.<br>La actividad se llevar\u00e1 a cabo en la intersecci\u00f3n de Avenida Col\u00f3n con calle Bories y se extender\u00e1 hasta las 14.30 horas.<\/p>\n\n\n\n<p><\/p>\n","protected":false},"excerpt":{"rendered":"<p>Este s\u00e1bado (6 de agosto), a las 12 horas, el Municipio de Punta Arenas realizar\u00e1 una divertida actividad para celebrar el D\u00eda de la Ni\u00f1ez, la cual contar\u00e1 con el&#8230; <a class=\"read-more\" href=\"https:\/\/www.radiopresidenteibanez.cl\/web\/municipio-de-punta-arenas-invita-a-vecinos-a-celebrar-el-dia-de-la-ninez-este-sabado\/\">Leer m\u00e1s<\/a><\/p>\n","protected":false},"author":2,"featured_media":31726,"comment_status":"closed","ping_status":"closed","sticky":false,"template":"","format":"standard","meta":{"footnotes":""},"categories":[1],"tags":[],"class_list":["post-31725","post","type-post","status-publish","format-standard","has-post-thumbnail","hentry","category-cronica"],"_links":{"self":[{"href":"https:\/\/www.radiopresidenteibanez.cl\/web\/wp-json\/wp\/v2\/posts\/31725","targetHints":{"allow":["GET"]}}],"collection":[{"href":"https:\/\/www.radiopresidenteibanez.cl\/web\/wp-json\/wp\/v2\/posts"}],"about":[{"href":"https:\/\/www.radiopresidenteibanez.cl\/web\/wp-json\/wp\/v2\/types\/post"}],"author":[{"embeddable":true,"href":"https:\/\/www.radiopresidenteibanez.cl\/web\/wp-json\/wp\/v2\/users\/2"}],"replies":[{"embeddable":true,"href":"https:\/\/www.radiopresidenteibanez.cl\/web\/wp-json\/wp\/v2\/comments?post=31725"}],"version-history":[{"count":0,"href":"https:\/\/www.radiopresidenteibanez.cl\/web\/wp-json\/wp\/v2\/posts\/31725\/revisions"}],"wp:featuredmedia":[{"embeddable":true,"href":"https:\/\/www.radiopresidenteibanez.cl\/web\/wp-json\/wp\/v2\/media\/31726"}],"wp:attachment":[{"href":"https:\/\/www.radiopresidenteibanez.cl\/web\/wp-json\/wp\/v2\/media?parent=31725"}],"wp:term":[{"taxonomy":"category","embeddable":true,"href":"https:\/\/www.radiopresidenteibanez.cl\/web\/wp-json\/wp\/v2\/categories?post=31725"},{"taxonomy":"post_tag","embeddable":true,"href":"https:\/\/www.radiopresidenteibanez.cl\/web\/wp-json\/wp\/v2\/tags?post=31725"}],"curies":[{"name":"wp","href":"https:\/\/api.w.org\/{rel}","templated":true}]}}