{"id":31715,"date":"2022-08-05T08:16:05","date_gmt":"2022-08-05T11:16:05","guid":{"rendered":"https:\/\/www.radiopresidenteibanez.cl\/web\/?p=31715"},"modified":"2022-08-05T08:16:14","modified_gmt":"2022-08-05T11:16:14","slug":"seremi-transporte-y-delegacion-presidencial-provincial-lanzan-campana-por-el-buen-uso-de-paraderos-en-natales","status":"publish","type":"post","link":"https:\/\/www.radiopresidenteibanez.cl\/web\/seremi-transporte-y-delegacion-presidencial-provincial-lanzan-campana-por-el-buen-uso-de-paraderos-en-natales\/","title":{"rendered":"Seremi transporte y delegaci\u00f3n presidencial provincial lanzan campa\u00f1a por el buen uso de paraderos en Natales"},"content":{"rendered":"\n<p>En un encuentro con la prensa el seremi de Transportes y Telecomunicaciones Rodrigo Hern\u00e1ndez Navarro y la delegada presidencial provincial de \u00daltima Esperanza Romina \u00c1lvarez Alarc\u00f3n, dieron inicio a una campa\u00f1a para el buen uso de los paraderos de taxicolectivos de Natales.<\/p>\n\n\n\n<p>\u201cSe colocar\u00e1n afiches informativos en cada paradero de Puerto Natales con el fin de que los autos particulares no se estacionen ah\u00ed\u201d, inform\u00f3 la delegada \u00c1lvarez. El objetivo, agreg\u00f3, es colaborar con el respeto a la normativa de tr\u00e1nsito y la cultura vial de la ciudad con el fin de otorgar mayor seguridad a las y los usuarios de la locomoci\u00f3n colectiva y disminuir la cantidad de infracciones de tr\u00e1nsito en la capital de \u00daltima Esperanza.<\/p>\n\n\n\n<p>Por su parte, el seremi dijo que se trata de dar respuesta a esta demanda que representa un conflicto que tiene el gremio de colectiveros en su diario desempe\u00f1o. \u201cM\u00e1s all\u00e1 de la fiscalizaci\u00f3n, esto pasa por un tema de comunidad y de una cultura de respeto a los espacios, porque la red vial es un territorio com\u00fan que usamos todos y lo podemos mal usar si no nos comunicamos bien\u201d. \u201cEn esto podemos marcar la pauta como comunidad que se respeta\u201d, reflexion\u00f3.<\/p>\n\n\n\n<p>Sergio Sarmiento conductor de la l\u00ednea 7 de taxicolectivos agradeci\u00f3 el inicio de esta campa\u00f1a tild\u00e1ndola de muy positiva para el buen desarrollo de sus labores \u201cya que esto (el mal uso de los paraderos) provoca que tengamos que hacer maniobras al borde de la infracci\u00f3n de tr\u00e1nsito para poder dejar o subir pasajeros, entonces esperamos que se tome con seriedad\u201d se\u00f1al\u00f3, haciendo un llamado a la comunidad a que se respeten los paraderos para que puedan desempe\u00f1ar bien sus funciones\u201d.<\/p>\n\n\n\n<p>\u201cEsta campa\u00f1a que va a llevar adelante la seremi de Transportes me parece importante especialmente para Natales ya que en el centro y en otros lados no hay espacio para estacionar y dejar o subir a los pasajeros\u201d dijo Alfonso Hern\u00e1ndez operador de la l\u00ednea 5 de taxicolectivos de Natales. Coment\u00f3 que se est\u00e1 dando respuesta a una petici\u00f3n que hab\u00edan realizado hace un tiempo atr\u00e1s a la autoridad. <\/p>\n\n\n\n<p>Junto con los posters, se distribuir\u00e1 una gr\u00e1fica por redes sociales y la idea es que sea compartida para colaborar en un tema que finalmente beneficiar\u00e1 a todas y todos.<\/p>\n","protected":false},"excerpt":{"rendered":"<p>En un encuentro con la prensa el seremi de Transportes y Telecomunicaciones Rodrigo Hern\u00e1ndez Navarro y la delegada presidencial provincial de \u00daltima Esperanza Romina \u00c1lvarez Alarc\u00f3n, dieron inicio a una&#8230; <a class=\"read-more\" href=\"https:\/\/www.radiopresidenteibanez.cl\/web\/seremi-transporte-y-delegacion-presidencial-provincial-lanzan-campana-por-el-buen-uso-de-paraderos-en-natales\/\">Leer m\u00e1s<\/a><\/p>\n","protected":false},"author":2,"featured_media":31716,"comment_status":"closed","ping_status":"closed","sticky":false,"template":"","format":"standard","meta":{"footnotes":""},"categories":[1],"tags":[],"class_list":["post-31715","post","type-post","status-publish","format-standard","has-post-thumbnail","hentry","category-cronica"],"_links":{"self":[{"href":"https:\/\/www.radiopresidenteibanez.cl\/web\/wp-json\/wp\/v2\/posts\/31715","targetHints":{"allow":["GET"]}}],"collection":[{"href":"https:\/\/www.radiopresidenteibanez.cl\/web\/wp-json\/wp\/v2\/posts"}],"about":[{"href":"https:\/\/www.radiopresidenteibanez.cl\/web\/wp-json\/wp\/v2\/types\/post"}],"author":[{"embeddable":true,"href":"https:\/\/www.radiopresidenteibanez.cl\/web\/wp-json\/wp\/v2\/users\/2"}],"replies":[{"embeddable":true,"href":"https:\/\/www.radiopresidenteibanez.cl\/web\/wp-json\/wp\/v2\/comments?post=31715"}],"version-history":[{"count":0,"href":"https:\/\/www.radiopresidenteibanez.cl\/web\/wp-json\/wp\/v2\/posts\/31715\/revisions"}],"wp:featuredmedia":[{"embeddable":true,"href":"https:\/\/www.radiopresidenteibanez.cl\/web\/wp-json\/wp\/v2\/media\/31716"}],"wp:attachment":[{"href":"https:\/\/www.radiopresidenteibanez.cl\/web\/wp-json\/wp\/v2\/media?parent=31715"}],"wp:term":[{"taxonomy":"category","embeddable":true,"href":"https:\/\/www.radiopresidenteibanez.cl\/web\/wp-json\/wp\/v2\/categories?post=31715"},{"taxonomy":"post_tag","embeddable":true,"href":"https:\/\/www.radiopresidenteibanez.cl\/web\/wp-json\/wp\/v2\/tags?post=31715"}],"curies":[{"name":"wp","href":"https:\/\/api.w.org\/{rel}","templated":true}]}}