{"id":31709,"date":"2022-08-04T17:39:00","date_gmt":"2022-08-04T20:39:00","guid":{"rendered":"https:\/\/www.radiopresidenteibanez.cl\/web\/?p=31709"},"modified":"2022-08-04T15:43:37","modified_gmt":"2022-08-04T18:43:37","slug":"invitan-a-representantes-de-la-comunidad-a-participar-de-la-actualizacion-del-plan-municipal-de-cultura","status":"publish","type":"post","link":"https:\/\/www.radiopresidenteibanez.cl\/web\/invitan-a-representantes-de-la-comunidad-a-participar-de-la-actualizacion-del-plan-municipal-de-cultura\/","title":{"rendered":"INVITAN A REPRESENTANTES DE LA COMUNIDAD A PARTICIPAR DE LA ACTUALIZACION DEL PLAN MUNICIPAL DE CULTURA"},"content":{"rendered":"\n<p>\n\nEl lunes 8 de agosto iniciar\u00e1n los di\u00e1logos participativos que permitir\u00e1n la actualizaci\u00f3n del Plan Municipal de Cultura, instrumento que se desarrollar\u00e1 en el marco de un convenio suscrito entre el Municipio de Punta Arenas y el Ministerio de las Culturas, las Artes y los Patrimonios, y que permitir\u00e1 regular e incentivar el desarrollo cultural de la comuna.<br>En este contexto, los encuentros participativos, donde la comunidad podr\u00e1 aportar su visi\u00f3n, intereses y sue\u00f1os en materia cultural, se realizar\u00e1n de la siguiente forma:<br>Lunes 8 de agosto, 19.15 horas, Tercer Piso Teatro Municipal Jos\u00e9 Bohr (Magallanes 823), Personas migrantes.<br>Martes 9 de agosto, 19.15 horas, Tercer Piso Teatro Municipal Jos\u00e9 Bohr (Magallanes 823), Personas de Pueblos Originarios.<br>Jueves 11 de agosto, 10.30 horas, Lugar por confirmar, Mesa T\u00e9cnica de Cultura.<br>Jueves 11 de agosto, 19 horas, Lugar por confirmar, Consejo de la Sociedad Civil.<br>Viernes 12 de agosto, 14.15 horas, Sal\u00f3n \u201cGabriela Mistral\u201d Serem\u00eda de Educaci\u00f3n, Comunidad Educativa.<br>S\u00e1bado 13 de agosto, 16 horas, Centro Cultural Municipal \u201cClaudio Paredes Chamorro\u201d (21 de mayo 2421), Organizaciones Culturales.<br>Junto con lo anterior, en el sitio web del Municipio de Punta Arenas (<a href=\"http:\/\/www.puntaarenas.cl\/\" rel=\"noreferrer noopener\" target=\"_blank\">www.puntaarenas.cl<\/a>), la comunidad podr\u00e1 participar de la Encuesta de Diagn\u00f3stico y Consumo Cultural Ciudadana, inscribirse en el Catastro de Agentes Culturales Individuales; o en el Catastro de Organizaciones Culturales, a trav\u00e9s de los links habilitados.<br>Luego de finalizada la primera etapa, se realizar\u00e1 la creaci\u00f3n del Plan a partir de la informaci\u00f3n que se generar\u00e1 con los instrumentos aplicados.<br>La actualizaci\u00f3n del Plan Municipal de Cultura (PMC) considera una inversi\u00f3n de $8 millones de pesos, por parte del Municipio de Punta Arenas, que se suman al aporte de $4 millones de pesos, del Ministerio de las Culturas, las Artes y los Patrimonios.<\/p>\n\n\n\n<p><\/p>\n","protected":false},"excerpt":{"rendered":"<p>El lunes 8 de agosto iniciar\u00e1n los di\u00e1logos participativos que permitir\u00e1n la actualizaci\u00f3n del Plan Municipal de Cultura, instrumento que se desarrollar\u00e1 en el marco de un convenio suscrito entre&#8230; <a class=\"read-more\" href=\"https:\/\/www.radiopresidenteibanez.cl\/web\/invitan-a-representantes-de-la-comunidad-a-participar-de-la-actualizacion-del-plan-municipal-de-cultura\/\">Leer m\u00e1s<\/a><\/p>\n","protected":false},"author":2,"featured_media":31710,"comment_status":"closed","ping_status":"closed","sticky":false,"template":"","format":"standard","meta":{"footnotes":""},"categories":[1],"tags":[],"class_list":["post-31709","post","type-post","status-publish","format-standard","has-post-thumbnail","hentry","category-cronica"],"_links":{"self":[{"href":"https:\/\/www.radiopresidenteibanez.cl\/web\/wp-json\/wp\/v2\/posts\/31709","targetHints":{"allow":["GET"]}}],"collection":[{"href":"https:\/\/www.radiopresidenteibanez.cl\/web\/wp-json\/wp\/v2\/posts"}],"about":[{"href":"https:\/\/www.radiopresidenteibanez.cl\/web\/wp-json\/wp\/v2\/types\/post"}],"author":[{"embeddable":true,"href":"https:\/\/www.radiopresidenteibanez.cl\/web\/wp-json\/wp\/v2\/users\/2"}],"replies":[{"embeddable":true,"href":"https:\/\/www.radiopresidenteibanez.cl\/web\/wp-json\/wp\/v2\/comments?post=31709"}],"version-history":[{"count":0,"href":"https:\/\/www.radiopresidenteibanez.cl\/web\/wp-json\/wp\/v2\/posts\/31709\/revisions"}],"wp:featuredmedia":[{"embeddable":true,"href":"https:\/\/www.radiopresidenteibanez.cl\/web\/wp-json\/wp\/v2\/media\/31710"}],"wp:attachment":[{"href":"https:\/\/www.radiopresidenteibanez.cl\/web\/wp-json\/wp\/v2\/media?parent=31709"}],"wp:term":[{"taxonomy":"category","embeddable":true,"href":"https:\/\/www.radiopresidenteibanez.cl\/web\/wp-json\/wp\/v2\/categories?post=31709"},{"taxonomy":"post_tag","embeddable":true,"href":"https:\/\/www.radiopresidenteibanez.cl\/web\/wp-json\/wp\/v2\/tags?post=31709"}],"curies":[{"name":"wp","href":"https:\/\/api.w.org\/{rel}","templated":true}]}}