{"id":31700,"date":"2022-08-04T14:23:00","date_gmt":"2022-08-04T17:23:00","guid":{"rendered":"https:\/\/www.radiopresidenteibanez.cl\/web\/?p=31700"},"modified":"2022-08-04T11:58:45","modified_gmt":"2022-08-04T14:58:45","slug":"sindicato-de-trabajadores-de-enap-magallanes-expuso-ante-comision-de-mineria-y-energia-de-la-camara-de-diputados","status":"publish","type":"post","link":"https:\/\/www.radiopresidenteibanez.cl\/web\/sindicato-de-trabajadores-de-enap-magallanes-expuso-ante-comision-de-mineria-y-energia-de-la-camara-de-diputados\/","title":{"rendered":"Sindicato de Trabajadores de Enap Magallanes expuso ante Comisi\u00f3n de Miner\u00eda y energ\u00eda de la C\u00e1mara de Diputados"},"content":{"rendered":"\n<p>Durante 40 minutos el presidente del sindicato de trabajadores de Enap Magallanes, Carlos Aro, junto a los dirigentes, Alejandro Avenda\u00f1o, Pedro Hern\u00e1ndez, Rodrigo Leiva y Graciela V\u00e1squez expusieron ante la comisi\u00f3n de miner\u00eda y energ\u00eda de la c\u00e1mara de diputados, con el fin de denunciar eventuales irregularidades ante diversos atrasos en la renovaci\u00f3n de contratos de la empresa nacional del petr\u00f3leo, cosa que es muy perjudicial para el desarrollo de la estatal. Como puntos bases se trataron los contratos de Buses Hualpen, camionetas, transportes de productos l\u00edquidos y helic\u00f3pteros. <br>\nEl presidente del sindicato, Carlos Aro, agradeci\u00f3 la posibilidad de exponer estos hechos ante la comisi\u00f3n, ya que nuestro \u00fanico fin como trabajadores es cuidar a nuestra empresa y que no se sigan despilfarrando millones y millones de d\u00f3lares como se est\u00e1 haciendo hoy. Creemos firmemente que en los procesos de licitaci\u00f3n se incluya la participaci\u00f3n de la organizaci\u00f3n sindical dado que muchas de las mejoras que se puedan incluir tendr\u00e1n un gran impacto en diversas materias. Considerando que una parte de estas mejoras van en beneficio directo de nuestros trabajadoras y trabajadores. \u201cAsimismo, tenemos la convicci\u00f3n que con nuestro actual Gobierno, avancemos en una verdadera agenda descentralizadora, contribuyendo al desarrollo regional y dando prioridad a nuestras empresas de la Regi\u00f3n\u201d, enfatiz\u00f3 Aro. <br>\nPor su parte el diputado, Cristi\u00e1n Matheson, se\u00f1al\u00f3 que la situaci\u00f3n de Enap es de nuestra mayor preocupaci\u00f3n y por eso se comprometi\u00f3 con los dirigentes sindicales para que puedan exponer en Valpara\u00edso ante la comisi\u00f3n investigadora de irregularidades de Enap. Cabe se\u00f1alar que esta comisi\u00f3n es presidida por Carlos Bianchi, e integrada por el propio Matheson y Javiera Morales. <br>\nLa directora sindical, Graciela Vasquez, se\u00f1al\u00f3 que estos espacios que nos brindan para poder exponer situaciones  relacionadas a los contratos que mantiene ENAP y que tanto nos importa por la envergadura que tiene, crea ambientes m\u00e1s participativos con varios entes incumbentes sobre todo ahora a puertas de iniciarse la investigaci\u00f3n a trav\u00e9s de la comisi\u00f3n impulsada por los diputados y a la cual y a ra\u00edz de esta presentaci\u00f3n que hicimos como Sindicato el dia de hoy, se solicitar\u00e1 nuestra intervenci\u00f3n tambi\u00e9n para exponer ante la comisi\u00f3n investigadora. Esperamos a las brevedad poder entregar toda la documentaci\u00f3n que d\u00e9 cuenta de lo expuesto y estar atentos a las pr\u00f3ximas reuniones que nos llamen.<br>\nFinalmente, los dirigentes sindicales enfatizaron en el hecho que como empresa del Estado todos los contratos sean p\u00fablicos y no privados. Adem\u00e1s de que las pol\u00edticas de seguridad no se ajusten s\u00f3lo a un documento escrito sino que sea el foco estrat\u00e9gico esencial en todas las operaciones. Nuestro sindicato velar\u00e1 de forma imperativa el resguardo de la vida y seguridad de nuestros trabajadores y trabajadoras buscando todas aquellas instancias de participaci\u00f3n e intervenci\u00f3n activa dentro de las pol\u00edticas p\u00fablicas, laborales y sociales aun cuando de forma interna en la empresa, no sean consideradas. Adem\u00e1s, como organizaci\u00f3n sindical queremos monitorear a trav\u00e9s de la direcci\u00f3n del trabajo y de forma permanente el comportamiento de estas empresas en la interacci\u00f3n dentro de nuestras instalaciones como con sus trabajadores en el \u00e1mbito del rol social, declararon los petroleros de Magallanes. <\/p>\n","protected":false},"excerpt":{"rendered":"<p>Durante 40 minutos el presidente del sindicato de trabajadores de Enap Magallanes, Carlos Aro, junto a los dirigentes, Alejandro Avenda\u00f1o, Pedro Hern\u00e1ndez, Rodrigo Leiva y Graciela V\u00e1squez expusieron ante la&#8230; <a class=\"read-more\" href=\"https:\/\/www.radiopresidenteibanez.cl\/web\/sindicato-de-trabajadores-de-enap-magallanes-expuso-ante-comision-de-mineria-y-energia-de-la-camara-de-diputados\/\">Leer m\u00e1s<\/a><\/p>\n","protected":false},"author":2,"featured_media":31701,"comment_status":"closed","ping_status":"closed","sticky":false,"template":"","format":"standard","meta":{"footnotes":""},"categories":[1],"tags":[],"class_list":["post-31700","post","type-post","status-publish","format-standard","has-post-thumbnail","hentry","category-cronica"],"_links":{"self":[{"href":"https:\/\/www.radiopresidenteibanez.cl\/web\/wp-json\/wp\/v2\/posts\/31700","targetHints":{"allow":["GET"]}}],"collection":[{"href":"https:\/\/www.radiopresidenteibanez.cl\/web\/wp-json\/wp\/v2\/posts"}],"about":[{"href":"https:\/\/www.radiopresidenteibanez.cl\/web\/wp-json\/wp\/v2\/types\/post"}],"author":[{"embeddable":true,"href":"https:\/\/www.radiopresidenteibanez.cl\/web\/wp-json\/wp\/v2\/users\/2"}],"replies":[{"embeddable":true,"href":"https:\/\/www.radiopresidenteibanez.cl\/web\/wp-json\/wp\/v2\/comments?post=31700"}],"version-history":[{"count":0,"href":"https:\/\/www.radiopresidenteibanez.cl\/web\/wp-json\/wp\/v2\/posts\/31700\/revisions"}],"wp:featuredmedia":[{"embeddable":true,"href":"https:\/\/www.radiopresidenteibanez.cl\/web\/wp-json\/wp\/v2\/media\/31701"}],"wp:attachment":[{"href":"https:\/\/www.radiopresidenteibanez.cl\/web\/wp-json\/wp\/v2\/media?parent=31700"}],"wp:term":[{"taxonomy":"category","embeddable":true,"href":"https:\/\/www.radiopresidenteibanez.cl\/web\/wp-json\/wp\/v2\/categories?post=31700"},{"taxonomy":"post_tag","embeddable":true,"href":"https:\/\/www.radiopresidenteibanez.cl\/web\/wp-json\/wp\/v2\/tags?post=31700"}],"curies":[{"name":"wp","href":"https:\/\/api.w.org\/{rel}","templated":true}]}}