{"id":3170,"date":"2019-04-08T20:00:12","date_gmt":"2019-04-08T20:00:12","guid":{"rendered":"http:\/\/www.radiopresidenteibanez.cl\/web\/?p=3170"},"modified":"2019-04-08T20:00:21","modified_gmt":"2019-04-08T20:00:21","slug":"establecimientos-educacionales-de-la-comuna-visitaron-la-iva-brigada-aerea","status":"publish","type":"post","link":"https:\/\/www.radiopresidenteibanez.cl\/web\/establecimientos-educacionales-de-la-comuna-visitaron-la-iva-brigada-aerea\/","title":{"rendered":"ESTABLECIMIENTOS EDUCACIONALES DE LA COMUNA VISITARON LA IV\u00aa BRIGADA A\u00c9REA"},"content":{"rendered":"\n<p>Con el\nprop\u00f3sito de incentivar el conocimiento institucional por parte de los\nestudiantes de la regi\u00f3n de Magallanes, el d\u00eda 4 de abril llegaron hasta las dependencias\nde la IV\u00aa Brigada A\u00e9rea, alumnos de K\u00ednder y Octavo b\u00e1sico de las escuelas\nHernando de Magallanes y Portugal respectivamente.<\/p>\n\n\n\n<p>A su\nllegada los estudiantes fueron recibidos por personal de Relaciones P\u00fablicas quienes\nlos acompa\u00f1aron hasta el hangar del Grupo de Aviaci\u00f3n N\u00b06, sector donde tuvieron\nla oportunidad de conocer las aeronaves de transporte y combate asignadas a\nesta Unidad, adem\u00e1s de la labor que realiza el personal institucional.<\/p>\n\n\n\n<p>Durante su\nvisita, lo que m\u00e1s llam\u00f3 la atenci\u00f3n de los peque\u00f1os fue la posibilidad de\nsubir a la aeronave DHC-6 Twin Otter.<\/p>\n\n\n\n<p>Las educadoras, auxiliares y apoderados que acompa\u00f1aron a los menores en su visita, agradecieron la oportunidad brindada por la IV\u00aa Brigada A\u00e9rea, que les permiti\u00f3 conocer un poco m\u00e1s de la Fuerza A\u00e9rea de Chile.<\/p>\n\n\n\n<figure class=\"wp-block-image\"><img loading=\"lazy\" decoding=\"async\" width=\"900\" height=\"596\" src=\"https:\/\/www.radiopresidenteibanez.cl\/web\/wp-content\/uploads\/2019\/04\/DSC_0258.jpg\" alt=\"\" class=\"wp-image-3171\" srcset=\"https:\/\/www.radiopresidenteibanez.cl\/web\/wp-content\/uploads\/2019\/04\/DSC_0258.jpg 900w, https:\/\/www.radiopresidenteibanez.cl\/web\/wp-content\/uploads\/2019\/04\/DSC_0258-300x199.jpg 300w, https:\/\/www.radiopresidenteibanez.cl\/web\/wp-content\/uploads\/2019\/04\/DSC_0258-768x509.jpg 768w\" sizes=\"auto, (max-width: 900px) 100vw, 900px\" \/><\/figure>\n","protected":false},"excerpt":{"rendered":"<p>Con el prop\u00f3sito de incentivar el conocimiento institucional por parte de los estudiantes de la regi\u00f3n de Magallanes, el d\u00eda 4 de abril llegaron hasta las dependencias de la IV\u00aa&#8230; <a class=\"read-more\" href=\"https:\/\/www.radiopresidenteibanez.cl\/web\/establecimientos-educacionales-de-la-comuna-visitaron-la-iva-brigada-aerea\/\">Leer m\u00e1s<\/a><\/p>\n","protected":false},"author":2,"featured_media":3171,"comment_status":"closed","ping_status":"closed","sticky":false,"template":"","format":"standard","meta":{"footnotes":""},"categories":[1],"tags":[],"class_list":["post-3170","post","type-post","status-publish","format-standard","has-post-thumbnail","hentry","category-cronica"],"_links":{"self":[{"href":"https:\/\/www.radiopresidenteibanez.cl\/web\/wp-json\/wp\/v2\/posts\/3170","targetHints":{"allow":["GET"]}}],"collection":[{"href":"https:\/\/www.radiopresidenteibanez.cl\/web\/wp-json\/wp\/v2\/posts"}],"about":[{"href":"https:\/\/www.radiopresidenteibanez.cl\/web\/wp-json\/wp\/v2\/types\/post"}],"author":[{"embeddable":true,"href":"https:\/\/www.radiopresidenteibanez.cl\/web\/wp-json\/wp\/v2\/users\/2"}],"replies":[{"embeddable":true,"href":"https:\/\/www.radiopresidenteibanez.cl\/web\/wp-json\/wp\/v2\/comments?post=3170"}],"version-history":[{"count":0,"href":"https:\/\/www.radiopresidenteibanez.cl\/web\/wp-json\/wp\/v2\/posts\/3170\/revisions"}],"wp:featuredmedia":[{"embeddable":true,"href":"https:\/\/www.radiopresidenteibanez.cl\/web\/wp-json\/wp\/v2\/media\/3171"}],"wp:attachment":[{"href":"https:\/\/www.radiopresidenteibanez.cl\/web\/wp-json\/wp\/v2\/media?parent=3170"}],"wp:term":[{"taxonomy":"category","embeddable":true,"href":"https:\/\/www.radiopresidenteibanez.cl\/web\/wp-json\/wp\/v2\/categories?post=3170"},{"taxonomy":"post_tag","embeddable":true,"href":"https:\/\/www.radiopresidenteibanez.cl\/web\/wp-json\/wp\/v2\/tags?post=3170"}],"curies":[{"name":"wp","href":"https:\/\/api.w.org\/{rel}","templated":true}]}}