{"id":31697,"date":"2022-08-04T12:42:00","date_gmt":"2022-08-04T15:42:00","guid":{"rendered":"https:\/\/www.radiopresidenteibanez.cl\/web\/?p=31697"},"modified":"2022-08-04T11:56:45","modified_gmt":"2022-08-04T14:56:45","slug":"fondos-cultura-abre-su-convocatoria-2023-con-foco-en-la-reactivacion-economica-genero-y-territorialidad","status":"publish","type":"post","link":"https:\/\/www.radiopresidenteibanez.cl\/web\/fondos-cultura-abre-su-convocatoria-2023-con-foco-en-la-reactivacion-economica-genero-y-territorialidad\/","title":{"rendered":"Fondos Cultura abre su convocatoria 2023 con foco en la reactivaci\u00f3n econ\u00f3mica, g\u00e9nero y territorialidad"},"content":{"rendered":"\n<p>Con\n\u00e9nfasis en la reactivaci\u00f3n inclusiva, territorialidad y enfoques de g\u00e9nero, adem\u00e1s de\nla simplificaci\u00f3n y mayor orientaci\u00f3n para los postulantes en el proceso, este martes\nel Ministerio de las Culturas, las Artes y el Patrimonio abri\u00f3 la convocatoria\n2023 de los Fondos Cultura, versi\u00f3n que a trav\u00e9s de sus cinco fondos y 46\nl\u00edneas entregar\u00e1 m\u00e1s de $34 mil millones ($34.141.179.392) para el\nfinanciamiento de proyectos culturales y art\u00edsticos de todas las regiones del\npa\u00eds.<\/p>\n\n\n\n<p>\u201cLos fondos de cultura son un instrumento ic\u00f3nico\ne hist\u00f3rico que este a\u00f1o presenta todas las transformaciones que pudimos\nrealizar dado el contexto presupuestario. Profundizamos el enfoque de g\u00e9nero en\ntodos los fondos, eliminamos la etapa de admisibilidad que solo era una barrera\npara segregar y, por primera vez, las Becas Chile Crea permitir\u00e1n rendir gastos\nde cuidado de ni\u00f1as, ni\u00f1os y ni\u00f1es en etapa preescolar y escolar b\u00e1sica, lo que\nrepresenta un primer paso para reconocer los cuidados como una actividad, y\ntambi\u00e9n para ponernos al d\u00eda con la responsabilidad que nos compete para\npermitir que quienes cuidan, que son en su gran mayor\u00eda mujeres, puedan\nestudiar y recibir el apoyo que requieren\u201d, destac\u00f3 la\nsubsecretaria de las Culturas y las Artes, Andrea Guti\u00e9rrez V\u00e1squez.<\/p>\n\n\n\n<p>La\nconvocatoria 2023 apelar\u00e1 tambi\u00e9n a mejorar las condiciones de participaci\u00f3n de\nmujeres en los proyectos. Dentro de las medidas contempladas est\u00e1 la ampliaci\u00f3n\nde criterios asociados al g\u00e9nero, donde las mujeres puedan -por ejemplo-\ndesarrollar roles de los que han sido excluidas hist\u00f3ricamente, y la\nmodificaci\u00f3n del concepto \u201ccurr\u00edculo\u201d, dado que muchas veces las mujeres se ven\nimpedidas de realizar una carrera de forma sostenida al mismo tiempo que los\nhombres. <\/p>\n\n\n\n<p>\u201cLa\ninvitaci\u00f3n es para que las y los artistas, creadores, gestores y cultores\nrevisen las bases, est\u00e9n atentos a los espacios de capacitaci\u00f3n y sean parte de\nla convocatoria que esta vez pone el acento en la reactivaci\u00f3n del sector y\nespecial atenci\u00f3n en aquellos proyectos que se involucren con la comunidad en\nlos diferentes territorios\u201d, recalc\u00f3 el Seremi de las Culturas, Diego Garc\u00eda. <\/p>\n\n\n\n<p>Otro\n\u00e9nfasis es la priorizaci\u00f3n de iniciativas que tengan un alto impacto social,\ncomunitario y sectorial, lo que significar\u00e1 priorizar la selecci\u00f3n de agentes\nsectoriales que tengan un importante v\u00ednculo con las comunidades y el\nterritorio. En esta materia se integran cuotas de selecci\u00f3n por regi\u00f3n, que\naseguren la adjudicaci\u00f3n de a lo menos un proyecto regional con puntaje\nelegible y adicionalmente se presentan l\u00edneas con selecci\u00f3n por macrozona. <\/p>\n\n\n\n<p>Para\nagilizar el proceso de postulaci\u00f3n y lograr que todos los proyectos que cumplan\ncon las condiciones sean evaluados, se elimina la etapa de admisibilidad. Solo\nquedar\u00e1n fuera de bases aquellas iniciativas que, por ejemplo, no cumplan con\nel anonimato exigido y\/o con los derechos autorales, o que sus integrantes\npresenten incompatibilidades u otros requisitos de relevancia. <\/p>\n\n\n\n<p><strong>DETALLE POR\nFONDO<\/strong><\/p>\n\n\n\n<p>El\nFondo Nacional de Desarrollo Cultural y las Artes 2023, en sus convocatorias\nFondart Nacional y Fondart Regional, tiene un presupuesto de $5.740 millones\n($5.739.600.668) y $6.615 millones ($6.615.138.724), respectivamente. Este\n\u00faltimo registra un crecimiento de un 12% respecto del a\u00f1o anterior.<\/p>\n\n\n\n<p>Esta\nversi\u00f3n representa una transici\u00f3n de Fondos Cultura con miras a la\nimplementaci\u00f3n de un pr\u00f3ximo Sistema Nacional de Financiamiento Cultural. Este\na\u00f1o se da inicio a este cambio con un Fondo de Transici\u00f3n que simplifica las\nl\u00edneas de postulaci\u00f3n, elimina la duplicidad de financiamiento y permite\nfacilitar la postulaci\u00f3n de las y los creadores nacionales.<\/p>\n\n\n\n<p>El\nFondo de Artes Esc\u00e9nicas 2023 y sus 10 l\u00edneas tendr\u00e1n un presupuesto total de\n$4.193 millones ($4.193.000.000). Esta es la primera convocatoria trabajada en\nconjunto con el Consejo Nacional de Artes Esc\u00e9nicas, que prioriz\u00f3 criterios de\nselecci\u00f3n que potencien la reactivaci\u00f3n inclusiva del sector y la equidad\nterritorial. As\u00ed, por ejemplo, se crea la modalidad de Apoyo a la Programaci\u00f3n\nen Espacios Esc\u00e9nicos, que apunta a fomentar la empleabilidad del sector a\ntrav\u00e9s de la contrataci\u00f3n de artistas, agrupaciones y\/o compa\u00f1\u00edas de las artes\nesc\u00e9nicas y la reapertura de espacios, mediante la asignaci\u00f3n de al menos un\n70% del presupuesto al pago de contratos laborales. <\/p>\n\n\n\n<p>As\u00ed\ntambi\u00e9n, se crea la modalidad de Festivales y Encuentros de Trayectoria, la que\nentregar\u00e1 financiamiento a iniciativas que cuenten con al menos seis versiones\nanteriores y que contribuyan a la difusi\u00f3n, profesionalizaci\u00f3n y articulaci\u00f3n\nde redes y alianzas tanto a nivel nacional como internacional. En la L\u00ednea de\nCreaci\u00f3n y Producci\u00f3n de Montajes Esc\u00e9nicos se incorpora el criterio de v\u00ednculo\ncon el territorio de ejecuci\u00f3n, tanto de la persona responsable como del equipo\nde trabajo, estableciendo que un 50% de los integrantes debe residir en la\nregi\u00f3n donde se desarrolla el proyecto.<\/p>\n\n\n\n<p>El\nFondo del Libro y la Lectura 2023 y sus seis l\u00edneas cuenta con un presupuesto\ntotal de $5.875 millones ($5.875.000.000). Como parte del cumplimiento de los\nlineamientos transversales, contempla la priorizaci\u00f3n de iniciativas que tengan\nalto impacto comunitario y territorial, como es el caso de festivales, ferias\ndel libro y bibliotecas populares. La convocatoria incorpora en la L\u00ednea de\nFomento a la Lectura criterios de inclusividad, privilegiando iniciativas que\ninvolucren audiodescripci\u00f3n, sistema braille, lengua de se\u00f1as y\/o subt\u00edtulos\ndescriptivos destinados a la inclusi\u00f3n de personas con discapacidad visual y\/o\nauditiva. <\/p>\n\n\n\n<p>La\nconvocatoria 2023 del Fondo de la M\u00fasica y sus ocho l\u00edneas contempla un\npresupuesto total de $3.875 millones ($3.875.000.000). Entre las principales\nnovedades est\u00e1 la idea de fomentar la selecci\u00f3n de grupos y comunidades que han\nestado hist\u00f3ricamente relegadas en el ecosistema musical, como las mujeres y\nagentes de regiones distintas a la Metropolitana, mediante la implementaci\u00f3n de\ncuotas de selecci\u00f3n y modalidades regionales. Asimismo, se podr\u00e1n mejorar las\ncondiciones salariales de los seleccionados y seleccionadas mediante el aumento\nde los montos m\u00e1ximos por proyecto y la incorporaci\u00f3n de un criterio expl\u00edcito\npara priorizar la contrataci\u00f3n de agentes sectoriales. <\/p>\n\n\n\n<p>El\nFondo Audiovisual 2023 y sus 12 l\u00edneas contar\u00e1 con un presupuesto total de\n$7.843 millones ($7.843.440.000). Las principales novedades contemplan la\ncreaci\u00f3n de l\u00edneas de Videojuegos y Audiovisual Interactivo o Experimental y la\nl\u00ednea de Webseries, que incluye todos los procesos de creaci\u00f3n y producci\u00f3n. Adem\u00e1s,\nen la l\u00ednea de Investigaci\u00f3n se incluyen criterios de selecci\u00f3n para proyectos\nque aborden la participaci\u00f3n femenina en producciones cinematogr\u00e1ficas, adem\u00e1s\ndel panorama actual de la distribuci\u00f3n de cine en contexto de crisis sanitaria,\npensando en la globalidad de las plataformas disponibles en la actualidad.<\/p>\n\n\n\n<p>Postulaciones\ndisponibles en <a href=\"http:\/\/www.fondoscultura.cl\">www.fondoscultura.cl<\/a> (se\ndebe estar inscrito en Perfil Cultura). <\/p>\n","protected":false},"excerpt":{"rendered":"<p>Con \u00e9nfasis en la reactivaci\u00f3n inclusiva, territorialidad y enfoques de g\u00e9nero, adem\u00e1s de la simplificaci\u00f3n y mayor orientaci\u00f3n para los postulantes en el proceso, este martes el Ministerio de las&#8230; <a class=\"read-more\" href=\"https:\/\/www.radiopresidenteibanez.cl\/web\/fondos-cultura-abre-su-convocatoria-2023-con-foco-en-la-reactivacion-economica-genero-y-territorialidad\/\">Leer m\u00e1s<\/a><\/p>\n","protected":false},"author":2,"featured_media":31698,"comment_status":"closed","ping_status":"closed","sticky":false,"template":"","format":"standard","meta":{"footnotes":""},"categories":[1],"tags":[],"class_list":["post-31697","post","type-post","status-publish","format-standard","has-post-thumbnail","hentry","category-cronica"],"_links":{"self":[{"href":"https:\/\/www.radiopresidenteibanez.cl\/web\/wp-json\/wp\/v2\/posts\/31697","targetHints":{"allow":["GET"]}}],"collection":[{"href":"https:\/\/www.radiopresidenteibanez.cl\/web\/wp-json\/wp\/v2\/posts"}],"about":[{"href":"https:\/\/www.radiopresidenteibanez.cl\/web\/wp-json\/wp\/v2\/types\/post"}],"author":[{"embeddable":true,"href":"https:\/\/www.radiopresidenteibanez.cl\/web\/wp-json\/wp\/v2\/users\/2"}],"replies":[{"embeddable":true,"href":"https:\/\/www.radiopresidenteibanez.cl\/web\/wp-json\/wp\/v2\/comments?post=31697"}],"version-history":[{"count":0,"href":"https:\/\/www.radiopresidenteibanez.cl\/web\/wp-json\/wp\/v2\/posts\/31697\/revisions"}],"wp:featuredmedia":[{"embeddable":true,"href":"https:\/\/www.radiopresidenteibanez.cl\/web\/wp-json\/wp\/v2\/media\/31698"}],"wp:attachment":[{"href":"https:\/\/www.radiopresidenteibanez.cl\/web\/wp-json\/wp\/v2\/media?parent=31697"}],"wp:term":[{"taxonomy":"category","embeddable":true,"href":"https:\/\/www.radiopresidenteibanez.cl\/web\/wp-json\/wp\/v2\/categories?post=31697"},{"taxonomy":"post_tag","embeddable":true,"href":"https:\/\/www.radiopresidenteibanez.cl\/web\/wp-json\/wp\/v2\/tags?post=31697"}],"curies":[{"name":"wp","href":"https:\/\/api.w.org\/{rel}","templated":true}]}}