{"id":31691,"date":"2022-08-04T10:39:00","date_gmt":"2022-08-04T13:39:00","guid":{"rendered":"https:\/\/www.radiopresidenteibanez.cl\/web\/?p=31691"},"modified":"2022-08-04T09:44:00","modified_gmt":"2022-08-04T12:44:00","slug":"sence-magallanes-ofrece-60-becas-para-certificacion-de-instaladores-elewctricos-y-de-gas-con-licencia-habilitante","status":"publish","type":"post","link":"https:\/\/www.radiopresidenteibanez.cl\/web\/sence-magallanes-ofrece-60-becas-para-certificacion-de-instaladores-elewctricos-y-de-gas-con-licencia-habilitante\/","title":{"rendered":"SENCE MAGALLANES OFRECE 60 BECAS PARA CERTIFICACION DE INSTALADORES ELEWCTRICOS Y DE GAS CON LICENCIA HABILITANTE"},"content":{"rendered":"\n<p>Ya est\u00e1n disponibles\nlas postulaciones a 60 becas para la evaluaci\u00f3n y certificaci\u00f3n de competencias\nlaborales de Instaladores El\u00e9ctricos Clase D e Instaladores de Gas Clase 3 en\nla regi\u00f3n de Magallanes, proceso que permite a quienes desempe\u00f1an esas labores,\nacreditar sus conocimientos y habilidades, a\ntrav\u00e9s de un certificado otorgado por el Estado. <\/p>\n\n\n\n<p>Esta iniciativa\nes impulsada por Sence y ChileValora y tiene como objetivo fomentar la\nempleabilidad en la regi\u00f3n, entregando herramientas que permitan asegurar la\ncalidad del trabajo, impactando tambi\u00e9n en la productividad local. <\/p>\n\n\n\n<p>La seremi del\nTrabajo, Doris Sandoval Miranda, junto con agradecer esta iniciativa, que fue\ndada a conocer por la misma directora de ChileValora, en su pasada visita a la\nregi\u00f3n, indic\u00f3 que \u201cson muy bienvenidas las certificaciones porque es una\ndemanda constante de los y las trabajadoras de la regi\u00f3n, como tambi\u00e9n de las\nempresas que requieren de estos servicios. Valoramos que hayan pensando en\nnuestra regi\u00f3n para entregar estos 60 cupos, que ser\u00e1n distribuidos de manera\nequitativa para llegar a todos los rincones donde se necesite\u201d.<\/p>\n\n\n\n<p>Por su parte, la secretaria\nejecutiva de ChileValora, Ximena Rivillo Or\u00f3stica, sostuvo: \u201cEsta certificaci\u00f3n\nde competencias permite mejorar las opciones laborales de las personas,\nampliando sus opciones de empleabilidad y oportunidades de emprendimiento en\nsinton\u00eda con lo que ha mandatado el Presidente Boric, respecto a poner a\ndisposici\u00f3n de las y los trabajadores, herramientas concretas que faciliten su\ndesarrollo laboral y promuevan su formalizaci\u00f3n con el fin de avanzar hacia un\ntrabajo decente y una mejor calidad de vida\u201d.<\/p>\n\n\n\n<p>\u201cEn este caso,\nlas personas que obtengan su certificado en el perfil Instalador El\u00e9ctricos\nClase D e Instalador de Gas Clase 3 podr\u00e1n obtener la licencia que otorga la\nSuperintendencia de Electricidad y Combustible y ser parte de su registro, lo\nque constituye un avance significativo para quienes no han pasado por la\neducaci\u00f3n formal, pero s\u00ed cuentan con las habilidades y conocimientos para\nejercer. Este certificado busca precisamente acreditar que las personas saben\nhacer su trabajo\u201d, agreg\u00f3 Rivillo. &nbsp;<\/p>\n\n\n\n<p>La postulaci\u00f3n a\nlas becas est\u00e1 dirigida a personas mayores de 18 a\u00f1os que cuenten con\nconocimientos en los dos perfiles ocupacionales se\u00f1alados, quienes deben\ningresar a la plataforma Elige Mejor (<a href=\"https:\/\/eligemejor.sence.cl\">https:\/\/eligemejor.sence.cl<\/a>), y seleccionar\nla regi\u00f3n y el perfil en el que desea obtener su certificad. <\/p>\n","protected":false},"excerpt":{"rendered":"<p>Ya est\u00e1n disponibles las postulaciones a 60 becas para la evaluaci\u00f3n y certificaci\u00f3n de competencias laborales de Instaladores El\u00e9ctricos Clase D e Instaladores de Gas Clase 3 en la regi\u00f3n&#8230; <a class=\"read-more\" href=\"https:\/\/www.radiopresidenteibanez.cl\/web\/sence-magallanes-ofrece-60-becas-para-certificacion-de-instaladores-elewctricos-y-de-gas-con-licencia-habilitante\/\">Leer m\u00e1s<\/a><\/p>\n","protected":false},"author":2,"featured_media":31692,"comment_status":"closed","ping_status":"closed","sticky":false,"template":"","format":"standard","meta":{"footnotes":""},"categories":[1],"tags":[],"class_list":["post-31691","post","type-post","status-publish","format-standard","has-post-thumbnail","hentry","category-cronica"],"_links":{"self":[{"href":"https:\/\/www.radiopresidenteibanez.cl\/web\/wp-json\/wp\/v2\/posts\/31691","targetHints":{"allow":["GET"]}}],"collection":[{"href":"https:\/\/www.radiopresidenteibanez.cl\/web\/wp-json\/wp\/v2\/posts"}],"about":[{"href":"https:\/\/www.radiopresidenteibanez.cl\/web\/wp-json\/wp\/v2\/types\/post"}],"author":[{"embeddable":true,"href":"https:\/\/www.radiopresidenteibanez.cl\/web\/wp-json\/wp\/v2\/users\/2"}],"replies":[{"embeddable":true,"href":"https:\/\/www.radiopresidenteibanez.cl\/web\/wp-json\/wp\/v2\/comments?post=31691"}],"version-history":[{"count":0,"href":"https:\/\/www.radiopresidenteibanez.cl\/web\/wp-json\/wp\/v2\/posts\/31691\/revisions"}],"wp:featuredmedia":[{"embeddable":true,"href":"https:\/\/www.radiopresidenteibanez.cl\/web\/wp-json\/wp\/v2\/media\/31692"}],"wp:attachment":[{"href":"https:\/\/www.radiopresidenteibanez.cl\/web\/wp-json\/wp\/v2\/media?parent=31691"}],"wp:term":[{"taxonomy":"category","embeddable":true,"href":"https:\/\/www.radiopresidenteibanez.cl\/web\/wp-json\/wp\/v2\/categories?post=31691"},{"taxonomy":"post_tag","embeddable":true,"href":"https:\/\/www.radiopresidenteibanez.cl\/web\/wp-json\/wp\/v2\/tags?post=31691"}],"curies":[{"name":"wp","href":"https:\/\/api.w.org\/{rel}","templated":true}]}}