{"id":31688,"date":"2022-08-04T09:21:00","date_gmt":"2022-08-04T12:21:00","guid":{"rendered":"https:\/\/www.radiopresidenteibanez.cl\/web\/?p=31688"},"modified":"2022-08-04T08:51:32","modified_gmt":"2022-08-04T11:51:32","slug":"punta-arenas-te-cuida-el-programa-municipal-que-lleva-el-cesfam-a-780-hogares-de-la-comuna","status":"publish","type":"post","link":"https:\/\/www.radiopresidenteibanez.cl\/web\/punta-arenas-te-cuida-el-programa-municipal-que-lleva-el-cesfam-a-780-hogares-de-la-comuna\/","title":{"rendered":"PUNTA ARENAS TE CUIDA: EL PROGRAMA MUNICIPAL QUE LLEVA EL CESFAM A 780 HOGARES DE LA COMUNA"},"content":{"rendered":"\n<p>El Programa Punta Arenas Te Cuida, naci\u00f3 el a\u00f1o 2018 bajo la actual administraci\u00f3n, y forma parte de una estrategia municipal, por lo que cada CESFAM (Centro de Salud Familiar) tiene un equipo integral de atenci\u00f3n domiciliaria, que atiende una poblaci\u00f3n con diagn\u00f3stico de trastorno neurocognitivo mayor, demencia o dependencia severa, llevando el Centro Medico a cada uno de los hogares vinculados, gestionando adem\u00e1s las atenciones que requiera la familia.&nbsp;<\/p>\n\n\n\n<p>Es por ello, que el Alcalde Claudio Radonich lleg\u00f3 hasta la calle Francisco Roux, para visitar a Mar\u00eda Mercedes Dur\u00e1n Loncochino, de 89 a\u00f1os de edad, quien es una de los 780 pacientes que actualmente posee el Programa Punta Arenas Te Cuida, para reconocer en terreno, el trabajo que desarrollan los profesionales del \u00e1rea de Salud municipal y que ha sido destacado p\u00fablicamente durante los \u00faltimos a\u00f1os.&nbsp;<\/p>\n\n\n\n<p>\u201cNuestra ciudad es un lugar que crece y que sus vecinos envejecen, lo que atrae muchos problemas de salud, raz\u00f3n por la cual comenzamos con esta iniciativa municipal, Punta Arenas Te Cuida, pensando en colaborar y ayudar con un equipo multidisciplinario a m\u00e1s de 700 personas que hoy son parte de este exitoso programa de acompa\u00f1amiento\u201d, expres\u00f3 el jefe comunal.&nbsp;<\/p>\n\n\n\n<p>Cuidado, cari\u00f1o y compromiso, son los conceptos que se involucran en este hermoso trabajo que desarrollan diariamente los equipos de salud de cada CESFAM de la comuna, explicaron los familiares de Mar\u00eda Mercedes, quienes valoraron la iniciativa.&nbsp;<\/p>\n\n\n\n<p>As\u00ed lo expres\u00f3, Ana C\u00e1rcamo, hija y cuidadora de Mar\u00eda Dur\u00e1n, quien agreg\u00f3 tambi\u00e9n que \u201ca m\u00ed me ha servido un mont\u00f3n, porque yo llevo cuidando a mi mam\u00e1 poco m\u00e1s de 4 a\u00f1os, por diversos motivos de salud como diabetes, hipertensi\u00f3n, colesterol alto, y un accidente vascular que le gener\u00f3 problemas de visi\u00f3n y audici\u00f3n, y eso fue aumentando hasta llegar a una demencia senil\u201d.&nbsp;<\/p>\n\n\n\n<p>\u201cCuando empezamos con el programa, no sab\u00edamos bien de que se trataba, pero hoy es un gran alivio para m\u00ed, porque adem\u00e1s yo tambi\u00e9n he tenido algunos problemas de salud, lo cual ha sido muy beneficioso para nosotros. A ello se suma, la entrega de un catre cl\u00ednico, as\u00ed que ahora es mucho m\u00e1s c\u00f3modo para poder movernos aqu\u00ed en la casa\u201d, a\u00f1adi\u00f3 Ana.&nbsp;<\/p>\n\n\n\n<p>Al d\u00eda de hoy Punta Arenas Te Cuida tiene 780 pacientes, lo que suma a los cuidadores y cuidadoras que son parte importante del proceso, agregando a las familias y equipos de trabajo de los 5 Centros de Salud Familiar de nuestra comuna, lo cual se desarroll\u00f3 todo este tiempo, incluso en medio de la pandemia.&nbsp;<\/p>\n\n\n\n<p>\u201cEn una sociedad que envejece, la idea es poder acercarnos a los hogares como Municipalidad y \u00c1rea de Salud de la Cormupa, as\u00ed que estamos muy contentos de poder colaborar en ello desde nuestro espacio\u201d, explic\u00f3 Radonich.&nbsp;&nbsp;<\/p>\n\n\n\n<p>En ese sentido, Ricardo Barrera, fonoaudi\u00f3logo y parte del equipo del CESFAM Damianovic, argument\u00f3 que \u201ces s\u00faper complejo para las familias, por los cambios que esto genera, as\u00ed que nosotros tratamos de ayudar y vincularnos con ellos como una forma de acompa\u00f1ar tambi\u00e9n\u201d.&nbsp;&nbsp;<\/p>\n\n\n\n<p>En cuanto a la periodicidad, el profesional dijo que \u201cintentamos generar un calendario de visitas y monitoreo constantes, lo que obviamente se concreta seg\u00fan las necesidades de cada persona y la condici\u00f3n que presenten\u201d.&nbsp;<\/p>\n\n\n\n<p>Finalmente, Mar\u00eda Mercedes agradeci\u00f3 a todos quienes siempre la visitan y ayudan para seguir adelante con sus tratamientos, al igual que su familia.&nbsp;&nbsp;<\/p>\n\n\n\n<p>Para ser parte del Programa Punta Arenas Te Cuida, las personas deben ser parte de la red de Atenci\u00f3n Primaria de Salud Municipal, y presentar Confirmaci\u00f3n de diagn\u00f3stico de Demencia y\/o ser evaluado como Dependiente Severo.&nbsp;&nbsp;<\/p>\n","protected":false},"excerpt":{"rendered":"<p>El Programa Punta Arenas Te Cuida, naci\u00f3 el a\u00f1o 2018 bajo la actual administraci\u00f3n, y forma parte de una estrategia municipal, por lo que cada CESFAM (Centro de Salud Familiar)&#8230; <a class=\"read-more\" href=\"https:\/\/www.radiopresidenteibanez.cl\/web\/punta-arenas-te-cuida-el-programa-municipal-que-lleva-el-cesfam-a-780-hogares-de-la-comuna\/\">Leer m\u00e1s<\/a><\/p>\n","protected":false},"author":2,"featured_media":31689,"comment_status":"closed","ping_status":"closed","sticky":false,"template":"","format":"standard","meta":{"footnotes":""},"categories":[1],"tags":[],"class_list":["post-31688","post","type-post","status-publish","format-standard","has-post-thumbnail","hentry","category-cronica"],"_links":{"self":[{"href":"https:\/\/www.radiopresidenteibanez.cl\/web\/wp-json\/wp\/v2\/posts\/31688","targetHints":{"allow":["GET"]}}],"collection":[{"href":"https:\/\/www.radiopresidenteibanez.cl\/web\/wp-json\/wp\/v2\/posts"}],"about":[{"href":"https:\/\/www.radiopresidenteibanez.cl\/web\/wp-json\/wp\/v2\/types\/post"}],"author":[{"embeddable":true,"href":"https:\/\/www.radiopresidenteibanez.cl\/web\/wp-json\/wp\/v2\/users\/2"}],"replies":[{"embeddable":true,"href":"https:\/\/www.radiopresidenteibanez.cl\/web\/wp-json\/wp\/v2\/comments?post=31688"}],"version-history":[{"count":0,"href":"https:\/\/www.radiopresidenteibanez.cl\/web\/wp-json\/wp\/v2\/posts\/31688\/revisions"}],"wp:featuredmedia":[{"embeddable":true,"href":"https:\/\/www.radiopresidenteibanez.cl\/web\/wp-json\/wp\/v2\/media\/31689"}],"wp:attachment":[{"href":"https:\/\/www.radiopresidenteibanez.cl\/web\/wp-json\/wp\/v2\/media?parent=31688"}],"wp:term":[{"taxonomy":"category","embeddable":true,"href":"https:\/\/www.radiopresidenteibanez.cl\/web\/wp-json\/wp\/v2\/categories?post=31688"},{"taxonomy":"post_tag","embeddable":true,"href":"https:\/\/www.radiopresidenteibanez.cl\/web\/wp-json\/wp\/v2\/tags?post=31688"}],"curies":[{"name":"wp","href":"https:\/\/api.w.org\/{rel}","templated":true}]}}