{"id":31682,"date":"2022-08-03T18:39:00","date_gmt":"2022-08-03T21:39:00","guid":{"rendered":"https:\/\/www.radiopresidenteibanez.cl\/web\/?p=31682"},"modified":"2022-08-03T15:56:42","modified_gmt":"2022-08-03T18:56:42","slug":"desde-este-jueves-abren-audiciones-para-integrar-nuevo-elenco-municipal-de-la-orquesta-latinoamericana","status":"publish","type":"post","link":"https:\/\/www.radiopresidenteibanez.cl\/web\/desde-este-jueves-abren-audiciones-para-integrar-nuevo-elenco-municipal-de-la-orquesta-latinoamericana\/","title":{"rendered":"DESDE ESTE JUEVES ABREN AUDICIONES PARA INTEGRAR NUEVO ELENCO MUNICIPAL DE LA ORQUESTA LATINOAMERICANA"},"content":{"rendered":"\n<p>\n\nEste jueves, viernes y s\u00e1bado (4, 5 y 6 de agosto), en el tercer piso del Teatro Municipal Jos\u00e9 Bohr, se realizar\u00e1n las audiciones para integrar la Orquesta Latinoamericana como un nuevo elenco municipal, que se sumar\u00e1 a los otros cinco ya existentes.<br>Los interesados, deber\u00e1n ser mayores de 11 a\u00f1os y asistir con alg\u00fan instrumento, como guitarra ac\u00fastica, charango, cuatro venezolano, ronroco, tiple colombiano, arpa, bajo el\u00e9ctrico, flauta traversa, zampo\u00f1a crom\u00e1tica, zampo\u00f1a diat\u00f3nica, tropera, saxof\u00f3n, entre otros. Durante la audici\u00f3n, tendr\u00e1n la posibilidad de interpretar una obra musical a elecci\u00f3n, junto con responder una breve encuesta respecto de su relaci\u00f3n con la m\u00fasica.<br>El elenco ser\u00e1 dirigido por el director musical, V\u00edctor Veliz Mendoza, joven profesor de m\u00fasica, quien ha participado en la Orquesta Andina de Chile, en el Ensamble Latinoamericano Abya Ayala y actualmente, forma parte del grupo \u201cAmalgama\u201d, adem\u00e1s de dirigir el Ensamble Latinoamericano Wayra Suyay del Liceo San Jos\u00e9.<br>Las audiciones se llevar\u00e1n a cabo en los siguientes horarios: 4 y 5 de agosto, 18 horas; y el 6 de agosto, a las 11 horas.<br>Las consultas pueden realizarse a trav\u00e9s del correo&nbsp;<a href=\"mailto:orquestalatinoamericana@e-puntaarenas.cl\" target=\"_blank\" rel=\"noreferrer noopener\">orquestalatinoamericana@e-puntaarenas.cl<\/a><\/p>\n\n\n\n<p><\/p>\n","protected":false},"excerpt":{"rendered":"<p>Este jueves, viernes y s\u00e1bado (4, 5 y 6 de agosto), en el tercer piso del Teatro Municipal Jos\u00e9 Bohr, se realizar\u00e1n las audiciones para integrar la Orquesta Latinoamericana como&#8230; <a class=\"read-more\" href=\"https:\/\/www.radiopresidenteibanez.cl\/web\/desde-este-jueves-abren-audiciones-para-integrar-nuevo-elenco-municipal-de-la-orquesta-latinoamericana\/\">Leer m\u00e1s<\/a><\/p>\n","protected":false},"author":2,"featured_media":31683,"comment_status":"closed","ping_status":"closed","sticky":false,"template":"","format":"standard","meta":{"footnotes":""},"categories":[1],"tags":[],"class_list":["post-31682","post","type-post","status-publish","format-standard","has-post-thumbnail","hentry","category-cronica"],"_links":{"self":[{"href":"https:\/\/www.radiopresidenteibanez.cl\/web\/wp-json\/wp\/v2\/posts\/31682","targetHints":{"allow":["GET"]}}],"collection":[{"href":"https:\/\/www.radiopresidenteibanez.cl\/web\/wp-json\/wp\/v2\/posts"}],"about":[{"href":"https:\/\/www.radiopresidenteibanez.cl\/web\/wp-json\/wp\/v2\/types\/post"}],"author":[{"embeddable":true,"href":"https:\/\/www.radiopresidenteibanez.cl\/web\/wp-json\/wp\/v2\/users\/2"}],"replies":[{"embeddable":true,"href":"https:\/\/www.radiopresidenteibanez.cl\/web\/wp-json\/wp\/v2\/comments?post=31682"}],"version-history":[{"count":0,"href":"https:\/\/www.radiopresidenteibanez.cl\/web\/wp-json\/wp\/v2\/posts\/31682\/revisions"}],"wp:featuredmedia":[{"embeddable":true,"href":"https:\/\/www.radiopresidenteibanez.cl\/web\/wp-json\/wp\/v2\/media\/31683"}],"wp:attachment":[{"href":"https:\/\/www.radiopresidenteibanez.cl\/web\/wp-json\/wp\/v2\/media?parent=31682"}],"wp:term":[{"taxonomy":"category","embeddable":true,"href":"https:\/\/www.radiopresidenteibanez.cl\/web\/wp-json\/wp\/v2\/categories?post=31682"},{"taxonomy":"post_tag","embeddable":true,"href":"https:\/\/www.radiopresidenteibanez.cl\/web\/wp-json\/wp\/v2\/tags?post=31682"}],"curies":[{"name":"wp","href":"https:\/\/api.w.org\/{rel}","templated":true}]}}