{"id":31679,"date":"2022-08-03T17:11:00","date_gmt":"2022-08-03T20:11:00","guid":{"rendered":"https:\/\/www.radiopresidenteibanez.cl\/web\/?p=31679"},"modified":"2022-08-03T15:53:35","modified_gmt":"2022-08-03T18:53:35","slug":"con-diversas-actividades-presentan-libro-que-difuende-legado-de-laura-rodig-en-su-paso-por-magallanes","status":"publish","type":"post","link":"https:\/\/www.radiopresidenteibanez.cl\/web\/con-diversas-actividades-presentan-libro-que-difuende-legado-de-laura-rodig-en-su-paso-por-magallanes\/","title":{"rendered":"CON DIVERSAS ACTIVIDADES PRESENTAN LIBRO QUE DIFUENDE LEGADO DE LAURA RODIG EN SU PASO POR MAGALLANES"},"content":{"rendered":"\n<p>A trav\u00e9s de\ndiversas actividades, la profesional del Museo de Bellas Artes Yocelyn\nValdebenito Carrasco presentar\u00e1 en los pr\u00f3ximos d\u00edas el libro \u201cPaisajes\nCulturales. Laura Rodig Pizarro en Magallanes (1918-1951)\u00bb, resultado de\ntres a\u00f1os de indagaci\u00f3n desarrollada por la investigadora con el apoyo de\nClaudia Bahamonde Gallardo como editora de la publicaci\u00f3n, en el marco del\nproyecto financiado por el Ministerio de las Culturas, las Artes y el\nPatrimonio, a trav\u00e9s mediante Fondart Regional L\u00ednea Difusi\u00f3n, con apoyo de la\nMunicipalidad de Punta Arenas y la Red Muma (Red de Museos de Magallanes).<\/p>\n\n\n\n<p>El programa\nbrindar\u00e1 una oportunidad \u00fanica para conocer la multifac\u00e9tica trayectoria de\nLaura Rodig Pizarro (1901-1972) pintora, escultora, ilustradora y educadora chilena,\nque entre otras distinciones recibi\u00f3 en 1949 el Premio Nacional de Bellas\nArtes. Viaj\u00f3 a la regi\u00f3n por primera vez junto a Gabriela Mistral, en 1918,\ndesarrollando una serie de actividades que contribuyeron a la visibilidad del\nrol de las mujeres en la construcci\u00f3n del patrimonio cultural, las memorias y\nlas identidades de nuestra sociedad.<\/p>\n\n\n\n<p>La investigadora\nYocelyn Valdebenito explica que \u00abesta iniciativa busca difundir el\npatrimonio art\u00edstico de la Regi\u00f3n de Magallanes y de la Ant\u00e1rtica Chilena dando\na conocer aspectos in\u00e9ditos de la labor social y art\u00edstica de la artista y\ngestora cultural Laura Rodig, desde un enfoque de g\u00e9nero vinculado al paisaje\nnatural y cultural local a lo largo de sus diferentes estad\u00edas en la zona\naustral\u00bb.<\/p>\n\n\n\n<p>El \u00e1rea educativa\ndel Museo Regional de Magallanes presentar\u00e1 el libro resultado de la\ninvestigaci\u00f3n el pr\u00f3ximo martes 9 de agosto, a las 18:30 horas. Dusan\nMartinovic, director (s) del Museo Regional de Magallanes, unidad del Servicio\ndel Patrimonio Cultural, destac\u00f3 que \u00aba trav\u00e9s de las fuentes de este\nlibro, se difunde tambi\u00e9n el fondo fotogr\u00e1fico Esteban Scarpa custodiado por\nnuestro museo, que ilustra el contexto de producci\u00f3n de las obras de Laura\nRodig, adem\u00e1s de dibujos, esculturas, cartas y pinturas de la zona\naustral\u00bb. Agreg\u00f3 que \u00abla investigaci\u00f3n contextualiza la producci\u00f3n de\nun conjunto de pinturas murales sobre la historia regional que elabor\u00f3 la\nartista en el contexto de las celebraciones del centenario de la ciudad, en\n1949, retratando la antigua forma de vida magall\u00e1nica, logrando un material de\ngran valor para diferentes p\u00fablicos del territorio\u00bb.<\/p>\n","protected":false},"excerpt":{"rendered":"<p>A trav\u00e9s de diversas actividades, la profesional del Museo de Bellas Artes Yocelyn Valdebenito Carrasco presentar\u00e1 en los pr\u00f3ximos d\u00edas el libro \u201cPaisajes Culturales. Laura Rodig Pizarro en Magallanes (1918-1951)\u00bb,&#8230; <a class=\"read-more\" href=\"https:\/\/www.radiopresidenteibanez.cl\/web\/con-diversas-actividades-presentan-libro-que-difuende-legado-de-laura-rodig-en-su-paso-por-magallanes\/\">Leer m\u00e1s<\/a><\/p>\n","protected":false},"author":2,"featured_media":31680,"comment_status":"closed","ping_status":"closed","sticky":false,"template":"","format":"standard","meta":{"footnotes":""},"categories":[1],"tags":[],"class_list":["post-31679","post","type-post","status-publish","format-standard","has-post-thumbnail","hentry","category-cronica"],"_links":{"self":[{"href":"https:\/\/www.radiopresidenteibanez.cl\/web\/wp-json\/wp\/v2\/posts\/31679","targetHints":{"allow":["GET"]}}],"collection":[{"href":"https:\/\/www.radiopresidenteibanez.cl\/web\/wp-json\/wp\/v2\/posts"}],"about":[{"href":"https:\/\/www.radiopresidenteibanez.cl\/web\/wp-json\/wp\/v2\/types\/post"}],"author":[{"embeddable":true,"href":"https:\/\/www.radiopresidenteibanez.cl\/web\/wp-json\/wp\/v2\/users\/2"}],"replies":[{"embeddable":true,"href":"https:\/\/www.radiopresidenteibanez.cl\/web\/wp-json\/wp\/v2\/comments?post=31679"}],"version-history":[{"count":0,"href":"https:\/\/www.radiopresidenteibanez.cl\/web\/wp-json\/wp\/v2\/posts\/31679\/revisions"}],"wp:featuredmedia":[{"embeddable":true,"href":"https:\/\/www.radiopresidenteibanez.cl\/web\/wp-json\/wp\/v2\/media\/31680"}],"wp:attachment":[{"href":"https:\/\/www.radiopresidenteibanez.cl\/web\/wp-json\/wp\/v2\/media?parent=31679"}],"wp:term":[{"taxonomy":"category","embeddable":true,"href":"https:\/\/www.radiopresidenteibanez.cl\/web\/wp-json\/wp\/v2\/categories?post=31679"},{"taxonomy":"post_tag","embeddable":true,"href":"https:\/\/www.radiopresidenteibanez.cl\/web\/wp-json\/wp\/v2\/tags?post=31679"}],"curies":[{"name":"wp","href":"https:\/\/api.w.org\/{rel}","templated":true}]}}