{"id":3166,"date":"2019-04-08T19:49:49","date_gmt":"2019-04-08T19:49:49","guid":{"rendered":"http:\/\/www.radiopresidenteibanez.cl\/web\/?p=3166"},"modified":"2019-04-08T19:50:15","modified_gmt":"2019-04-08T19:50:15","slug":"mujeres-natalinas-se-fortalecen-culminando-con-exito-programa-ejecutado-por-la-municipalidad-de-natales","status":"publish","type":"post","link":"https:\/\/www.radiopresidenteibanez.cl\/web\/mujeres-natalinas-se-fortalecen-culminando-con-exito-programa-ejecutado-por-la-municipalidad-de-natales\/","title":{"rendered":"MUJERES NATALINAS SE FORTALECEN CULMINANDO CON \u00c9XITO PROGRAMA EJECUTADO POR LA MUNICIPALIDAD DE NATALES"},"content":{"rendered":"\n<p>En las\ndependencias de la junta de vecinos N\u00b02 \u201cAndr\u00e9s Bello\u201d, la Municipalidad de\nNatales&nbsp; y el Servicio Nacional de la\nMujer y la Equidad de G\u00e9nero (Sernameg) dieron por terminado el programa\n\u201cMujeres Jefas de Hogar\u201d. Para finalizar esta etapa, las beneficiarias\nrecibieron una certificaci\u00f3n por &nbsp;su participaci\u00f3n\nen el programa. <\/p>\n\n\n\n<p>&nbsp;Este programa cont\u00f3 con la presencia de 80\nmujeres que participaron en clases de fortalecimiento en &nbsp;la autonom\u00eda econ\u00f3mica, mediante nuevas\niniciativas para potenciar su empoderamiento individual y colectivo.&nbsp; La direcci\u00f3n de los talleres estuvo a cargo\nde la municipalidad a trav\u00e9s de los funcionarios de la Direcci\u00f3n de Desarrollo\nComunitario. El proyecto cont\u00f3 con el financiamiento del Servicio Nacional de\nla Mujer y la Equidad de G\u00e9nero que permiti\u00f3 generar diversas iniciativas en\nfavor de las beneficiarias como nivelaci\u00f3n de estudios, alfabetizaci\u00f3n digital,\natenci\u00f3n preescolar, cursos de capacitaci\u00f3n e impulsos al emprendimiento. &nbsp;<\/p>\n\n\n\n<p>La Gobernadora\nde \u00daltima Esperanza, Ana Mayorga Bahamonde se mostr\u00f3 contenta por el apoyo del\ngobierno a las mujeres natalinas. \u201cEs un hermoso programa que da un paso m\u00e1s\npara que las mujeres puedan realizarse, puedan avanzar econ\u00f3micamente, puedan\nempoderarse y cumplir sus sue\u00f1os. Hacer su sue\u00f1o, realidad y queremos reafirmar\nel compromiso de seguir acompa\u00f1ando a cada una de ellas en los siguientes\nprocesos, ahora se vienen emprendimientos en las distintas l\u00edneas para ellas\u201d,\nsostuvo.<\/p>\n\n\n\n<p>&nbsp;Por su parte, la Directora Regional del\nServicio Nacional de la Mujer y la Equidad de G\u00e9nero, Fabiola Garc\u00eda Pinto, quiso\nagradecer la alianza que tienen con el municipio desde hace 10 a\u00f1os con este\nprograma, trat\u00e1ndolo como una ayuda directa a las mujeres natalinas, dado que\nda la posibilidad&nbsp; que generen nuevos\ningresos para sus familias. La directora destac\u00f3 que ya est\u00e1n trabajando en el\nprograma \u201cJefas de Hogar 2019\u201d para beneficiar a nuevas vecinas y otras que\nquieren seguir potenciando sus negocios.<\/p>\n\n\n\n<p>La actividad\ncont\u00f3 con la presencia del Concejo Municipal y el Alcalde protocolar, Alfredo\nAlderete Flores que subray\u00f3 la importancia del programa y lo exitoso que ha\nsido en nuestra comuna, logrando incorporar a cientos de mujeres al mundo\nlaboral de forma independiente y dependiente.<\/p>\n\n\n\n<p>El 30 de marzo de este a\u00f1o finalizaron las inscripciones para participar en el programa 2019 de \u201cMujeres Jefas de Hogar\u201d, en donde se ver\u00e1n nuevamente ayudadas 80 vecinas a trav\u00e9s de los talleres mencionados y la participaci\u00f3n en los encuentros comunales de mujeres, conversando sobre sus vidas, sus proyectos y esperanzas por un futuro mejor. \u00a0<\/p>\n\n\n\n<figure class=\"wp-block-image\"><img loading=\"lazy\" decoding=\"async\" width=\"1024\" height=\"683\" src=\"https:\/\/www.radiopresidenteibanez.cl\/web\/wp-content\/uploads\/2019\/04\/039A2047-1024x683.jpg\" alt=\"\" class=\"wp-image-3167\" srcset=\"https:\/\/www.radiopresidenteibanez.cl\/web\/wp-content\/uploads\/2019\/04\/039A2047.jpg 1024w, https:\/\/www.radiopresidenteibanez.cl\/web\/wp-content\/uploads\/2019\/04\/039A2047-300x200.jpg 300w, https:\/\/www.radiopresidenteibanez.cl\/web\/wp-content\/uploads\/2019\/04\/039A2047-768x512.jpg 768w\" sizes=\"auto, (max-width: 1024px) 100vw, 1024px\" \/><\/figure>\n","protected":false},"excerpt":{"rendered":"<p>En las dependencias de la junta de vecinos N\u00b02 \u201cAndr\u00e9s Bello\u201d, la Municipalidad de Natales&nbsp; y el Servicio Nacional de la Mujer y la Equidad de G\u00e9nero (Sernameg) dieron por&#8230; <a class=\"read-more\" href=\"https:\/\/www.radiopresidenteibanez.cl\/web\/mujeres-natalinas-se-fortalecen-culminando-con-exito-programa-ejecutado-por-la-municipalidad-de-natales\/\">Leer m\u00e1s<\/a><\/p>\n","protected":false},"author":2,"featured_media":3167,"comment_status":"closed","ping_status":"closed","sticky":false,"template":"","format":"standard","meta":{"footnotes":""},"categories":[1],"tags":[],"class_list":["post-3166","post","type-post","status-publish","format-standard","has-post-thumbnail","hentry","category-cronica"],"_links":{"self":[{"href":"https:\/\/www.radiopresidenteibanez.cl\/web\/wp-json\/wp\/v2\/posts\/3166","targetHints":{"allow":["GET"]}}],"collection":[{"href":"https:\/\/www.radiopresidenteibanez.cl\/web\/wp-json\/wp\/v2\/posts"}],"about":[{"href":"https:\/\/www.radiopresidenteibanez.cl\/web\/wp-json\/wp\/v2\/types\/post"}],"author":[{"embeddable":true,"href":"https:\/\/www.radiopresidenteibanez.cl\/web\/wp-json\/wp\/v2\/users\/2"}],"replies":[{"embeddable":true,"href":"https:\/\/www.radiopresidenteibanez.cl\/web\/wp-json\/wp\/v2\/comments?post=3166"}],"version-history":[{"count":0,"href":"https:\/\/www.radiopresidenteibanez.cl\/web\/wp-json\/wp\/v2\/posts\/3166\/revisions"}],"wp:featuredmedia":[{"embeddable":true,"href":"https:\/\/www.radiopresidenteibanez.cl\/web\/wp-json\/wp\/v2\/media\/3167"}],"wp:attachment":[{"href":"https:\/\/www.radiopresidenteibanez.cl\/web\/wp-json\/wp\/v2\/media?parent=3166"}],"wp:term":[{"taxonomy":"category","embeddable":true,"href":"https:\/\/www.radiopresidenteibanez.cl\/web\/wp-json\/wp\/v2\/categories?post=3166"},{"taxonomy":"post_tag","embeddable":true,"href":"https:\/\/www.radiopresidenteibanez.cl\/web\/wp-json\/wp\/v2\/tags?post=3166"}],"curies":[{"name":"wp","href":"https:\/\/api.w.org\/{rel}","templated":true}]}}