{"id":31652,"date":"2022-08-02T17:37:00","date_gmt":"2022-08-02T20:37:00","guid":{"rendered":"https:\/\/www.radiopresidenteibanez.cl\/web\/?p=31652"},"modified":"2022-08-02T16:08:57","modified_gmt":"2022-08-02T19:08:57","slug":"sernameg-magallanes-inicia-inscripcion-a-talleres-del-programa-mujer-y-politica","status":"publish","type":"post","link":"https:\/\/www.radiopresidenteibanez.cl\/web\/sernameg-magallanes-inicia-inscripcion-a-talleres-del-programa-mujer-y-politica\/","title":{"rendered":"SERNAMEG MAGALLANES INICIA INSCRIPCION A TALLERES DEL PROGRAMA MUJER Y POLITICA"},"content":{"rendered":"\n<p>Paridad en los espacios de representaci\u00f3n pol\u00edtica, la integraci\u00f3n femenina a profesiones y oficios hist\u00f3ricamente masculinizados, y nuevos liderazgos a prop\u00f3sito de la irrumpida de una nueva ola feminista, son parte de los temas que busca introducir este a\u00f1o la Direcci\u00f3n Regional del Servicio Nacional de la Mujer y la Equidad de G\u00e9nero, SernamEG Magallanes, a trav\u00e9s del programa Mujer y Participaci\u00f3n Pol\u00edtica, el cual tiene como fin fomentar la autonom\u00eda pol\u00edtica y de decisi\u00f3n de las mujeres.<br>\nAs\u00ed lo detalla su Directora Regional, Fabiola Garc\u00eda Pinto, quien destac\u00f3 la posibilidad de retomar estas conversaciones en los territorios de manera presencial tras dos a\u00f1os de participaci\u00f3n remota por el contexto COVID-19. \u201cLa lucha por espacios en el mundo p\u00fablico y privado ha sido uno de los grandes desaf\u00edos en los \u00faltimos a\u00f1os, tanto para mujeres como para las disidencias sexo-gen\u00e9ricas\u201d, relata. \u201cPor esta raz\u00f3n como SernamEG ofrecemos estas instancias de conversaci\u00f3n y capacitaci\u00f3n, porque estamos convencidas que la participaci\u00f3n de mujeres en la agenda pol\u00edtica y social permite promover importantes transformaciones socioculturales\u201d.<br>\nLas actividades de sensibilizaci\u00f3n, son talleres para mujeres mayores de 18 a\u00f1os que desean conocer m\u00e1s sobre la participaci\u00f3n femenina en distintos espacios de toma de decisi\u00f3n. Para ello se contar\u00e1 con una ronda de encuentros presenciales en las comunas de Punta Arenas, Natales, Porvenir y Puerto Williams, que comienzan en la capital regional el pr\u00f3ximo s\u00e1bado 20 de agosto, previa inscripci\u00f3n en la web: https:\/\/www.sernameg.gob.cl\/?page_id=39317. <br>\nLa Seremi de la Mujer y la Equidad de G\u00e9nero Alejandra Ruiz Ovando, tambi\u00e9n recalc\u00f3 el irremplazable rol que han tenido la mujeres en la promoci\u00f3n de leyes y pol\u00edticas p\u00fablicas: \u201cHan sido claves y estrat\u00e9gicas en la lucha contra la violencia de g\u00e9nero en todas sus formas, en la necesidad de una mayor conciliaci\u00f3n y corresponsabilidad en todos los \u00e1mbitos de la vida privada, en la legislaci\u00f3n respecto de la interrupci\u00f3n voluntaria del embarazo en tres causales, y en una reforma electoral en el 2015 que permiti\u00f3 que los Partidos Pol\u00edticos aumentaran las postulaciones de mujeres al Congreso\u201d.<br>\nCabe se\u00f1alar que de acuerdo a ONU Mujeres, solo 22 mujeres en el mundo son jefas de Estado o Presidentas de Gobierno, lo que implica que a ese ritmo la igualdad de g\u00e9nero en altas esferas de decisi\u00f3n no se alcanzar\u00eda hasta en 130 a\u00f1os m\u00e1s. \u201cPorque nuestra presencia en cargos de representaci\u00f3n popular impulsa iniciativas para avanzar en igualdad de derechos y oportunidades, y porque inspira a ni\u00f1as y j\u00f3venes a ocupar estos espacios de representaci\u00f3n es que instamos a quienes ya est\u00e1n ejerciendo estos roles en sus comunidades o a j\u00f3venes y mujeres que buscan desarrollar competencias y habilidades a que se unan a estas primeras instancias de conversaci\u00f3n, que adem\u00e1s sirven para generar y fortalecer v\u00ednculos con otras mujeres de la regi\u00f3n\u201d, resalt\u00f3 la Seremi Ruiz Ovando. <br>\n\u201cEn el actual contexto hist\u00f3rico que estamos atravesando, estamos seguras que el rol de las mujeres es fundamental, por lo que esperamos despertar el inter\u00e9s de las magall\u00e1nicas a que sumen a estos talleres\u201d, recalca la directora Fabiola Garc\u00eda. Son 180 cupos disponibles, y una vez inscritas, recibir\u00e1n las fechas y lugares donde se realizar\u00e1n las actividades en cada capital provincial.<\/p>\n","protected":false},"excerpt":{"rendered":"<p>Paridad en los espacios de representaci\u00f3n pol\u00edtica, la integraci\u00f3n femenina a profesiones y oficios hist\u00f3ricamente masculinizados, y nuevos liderazgos a prop\u00f3sito de la irrumpida de una nueva ola feminista, son&#8230; <a class=\"read-more\" href=\"https:\/\/www.radiopresidenteibanez.cl\/web\/sernameg-magallanes-inicia-inscripcion-a-talleres-del-programa-mujer-y-politica\/\">Leer m\u00e1s<\/a><\/p>\n","protected":false},"author":2,"featured_media":31653,"comment_status":"closed","ping_status":"closed","sticky":false,"template":"","format":"standard","meta":{"footnotes":""},"categories":[1],"tags":[],"class_list":["post-31652","post","type-post","status-publish","format-standard","has-post-thumbnail","hentry","category-cronica"],"_links":{"self":[{"href":"https:\/\/www.radiopresidenteibanez.cl\/web\/wp-json\/wp\/v2\/posts\/31652","targetHints":{"allow":["GET"]}}],"collection":[{"href":"https:\/\/www.radiopresidenteibanez.cl\/web\/wp-json\/wp\/v2\/posts"}],"about":[{"href":"https:\/\/www.radiopresidenteibanez.cl\/web\/wp-json\/wp\/v2\/types\/post"}],"author":[{"embeddable":true,"href":"https:\/\/www.radiopresidenteibanez.cl\/web\/wp-json\/wp\/v2\/users\/2"}],"replies":[{"embeddable":true,"href":"https:\/\/www.radiopresidenteibanez.cl\/web\/wp-json\/wp\/v2\/comments?post=31652"}],"version-history":[{"count":0,"href":"https:\/\/www.radiopresidenteibanez.cl\/web\/wp-json\/wp\/v2\/posts\/31652\/revisions"}],"wp:featuredmedia":[{"embeddable":true,"href":"https:\/\/www.radiopresidenteibanez.cl\/web\/wp-json\/wp\/v2\/media\/31653"}],"wp:attachment":[{"href":"https:\/\/www.radiopresidenteibanez.cl\/web\/wp-json\/wp\/v2\/media?parent=31652"}],"wp:term":[{"taxonomy":"category","embeddable":true,"href":"https:\/\/www.radiopresidenteibanez.cl\/web\/wp-json\/wp\/v2\/categories?post=31652"},{"taxonomy":"post_tag","embeddable":true,"href":"https:\/\/www.radiopresidenteibanez.cl\/web\/wp-json\/wp\/v2\/tags?post=31652"}],"curies":[{"name":"wp","href":"https:\/\/api.w.org\/{rel}","templated":true}]}}