{"id":31642,"date":"2022-08-02T12:24:00","date_gmt":"2022-08-02T15:24:00","guid":{"rendered":"https:\/\/www.radiopresidenteibanez.cl\/web\/?p=31642"},"modified":"2022-08-02T11:27:26","modified_gmt":"2022-08-02T14:27:26","slug":"abordaran-nueva-institucionalidad-de-reinsercion-social-juvenil-en-seminario-regional","status":"publish","type":"post","link":"https:\/\/www.radiopresidenteibanez.cl\/web\/abordaran-nueva-institucionalidad-de-reinsercion-social-juvenil-en-seminario-regional\/","title":{"rendered":"ABORDAR\u00c1N NUEVA INSTITUCIONALIDAD DE  REINSERCI\u00d3N SOCIAL JUVENIL EN SEMINARIO REGIONAL"},"content":{"rendered":"\n<p>Con la presencia de especialistas nacionales con amplia trayectoria en el\n\u00e1mbito de justicia juvenil, este jueves 4 de agosto, a las 14:30 horas, se dar\u00e1\nel vamos al seminario \u00abDesaf\u00edos en la Implementaci\u00f3n del Nuevo Sistema de\nReinserci\u00f3n Social Juvenil en la Regi\u00f3n de&nbsp;<a href=\"https:\/\/www.facebook.com\/hashtag\/magallanes?__eep__=6&amp;__cft__%5b0%5d=AZVei8adclzUOyATgHBzz4AxNHgdzbwUfJO_K7OPMcCzIYGLGaZlYstKsbt32XK09WCxSTzE6oxDNCKHmmqccTe5dAf9aOnmQq3UFosqh4y6Y0wmwfQ2HFYpKum6FcTSGHrl8YaceOTOXlcWyBvyHIIDGCGwkVnhGo3LApb5rz0HAuo4TpiNMkkyOUH4SxAyn0ggtJRfMDnrpciR36GFNXiS&amp;__tn__=*NK-R\" target=\"_blank\" rel=\"noreferrer noopener\">Magallanes<\/a> y Ant\u00e1rtica Chilena\u00bb. La\nactividad es organizada por el Servicio Nacional de Menores (Sename) junto a\nCorporaci\u00f3n Opci\u00f3n, y se desarrollar\u00e1 en el Auditorio del CADI de la\nUniversidad de Magallanes, aleda\u00f1o al Hospital Cl\u00ednico.<\/p>\n\n\n\n<p>Como instancia de di\u00e1logo acad\u00e9mico gestada desde la regi\u00f3n, brindar\u00e1 una\ninmejorable oportunidad para abordar los desaf\u00edos del proceso hist\u00f3rico que\nimplica la Reforma en el Sistema Penal Juvenil en Chile y la pr\u00f3xima\nimplementaci\u00f3n del nuevo Servicio Nacional de Reinserci\u00f3n Social Juvenil, que\nimplicar\u00e1 el cierre definitivo del Sename. Esta nueva\ninstitucionalidad apunta a entregar una intervenci\u00f3n personalizada y\nespecializada de aquellos adolescentes o j\u00f3venes que son investigados por\ndelitos y de quienes cumplen sanciones en virtud de&nbsp;la Ley de\nResponsabilidad Penal Adolescente, con el objetivo de favorecer sus procesos de\nreinserci\u00f3n social.<\/p>\n\n\n\n<p>El seminario contar\u00e1 con las\nrelatoras nacionales Francisca Marinakis Contreras, abogada del Departamento de\nReinserci\u00f3n Social Juvenil del Ministerio de Justicia y DD.HH., y Mar\u00eda Jos\u00e9\nTaladriz Eguiluz, abogada especialista de la Fiscal\u00eda Nacional y representante\nde la Asociaci\u00f3n Iberoamericana de Ministerios P\u00fablicos (AIAMP). Adem\u00e1s\nexpondr\u00e1n: Ver\u00f3nica Reyes Cea, Jefa de Estudios de la Defensor\u00eda Regional;\nEugenio Campos Lucero, Fiscal Regional de Magallanes; Cristian Armijo Silva,\nrepresentante del Tribunal de Garant\u00eda de Punta Arenas, Rodrigo Trujillo\nPeters, Coordinador de la Unidad de Justicia Juvenil de Sename Regional;\nOsvaldo V\u00e1squez Rossoni y Lilian Salazar Vidal, representantes de Corporaci\u00f3n\nOpci\u00f3n. <\/p>\n\n\n\n<p>Todas las\npersonas interesadas en participar de este seminario se pueden inscribir\ndirectamente en el link: <a href=\"https:\/\/forms.gle\/BoMKBiCnDrtAPj3X6\">https:\/\/forms.gle\/BoMKBiCnDrtAPj3X6<\/a><\/p>\n","protected":false},"excerpt":{"rendered":"<p>Con la presencia de especialistas nacionales con amplia trayectoria en el \u00e1mbito de justicia juvenil, este jueves 4 de agosto, a las 14:30 horas, se dar\u00e1 el vamos al seminario&#8230; <a class=\"read-more\" href=\"https:\/\/www.radiopresidenteibanez.cl\/web\/abordaran-nueva-institucionalidad-de-reinsercion-social-juvenil-en-seminario-regional\/\">Leer m\u00e1s<\/a><\/p>\n","protected":false},"author":2,"featured_media":31643,"comment_status":"closed","ping_status":"closed","sticky":false,"template":"","format":"standard","meta":{"footnotes":""},"categories":[1],"tags":[],"class_list":["post-31642","post","type-post","status-publish","format-standard","has-post-thumbnail","hentry","category-cronica"],"_links":{"self":[{"href":"https:\/\/www.radiopresidenteibanez.cl\/web\/wp-json\/wp\/v2\/posts\/31642","targetHints":{"allow":["GET"]}}],"collection":[{"href":"https:\/\/www.radiopresidenteibanez.cl\/web\/wp-json\/wp\/v2\/posts"}],"about":[{"href":"https:\/\/www.radiopresidenteibanez.cl\/web\/wp-json\/wp\/v2\/types\/post"}],"author":[{"embeddable":true,"href":"https:\/\/www.radiopresidenteibanez.cl\/web\/wp-json\/wp\/v2\/users\/2"}],"replies":[{"embeddable":true,"href":"https:\/\/www.radiopresidenteibanez.cl\/web\/wp-json\/wp\/v2\/comments?post=31642"}],"version-history":[{"count":0,"href":"https:\/\/www.radiopresidenteibanez.cl\/web\/wp-json\/wp\/v2\/posts\/31642\/revisions"}],"wp:featuredmedia":[{"embeddable":true,"href":"https:\/\/www.radiopresidenteibanez.cl\/web\/wp-json\/wp\/v2\/media\/31643"}],"wp:attachment":[{"href":"https:\/\/www.radiopresidenteibanez.cl\/web\/wp-json\/wp\/v2\/media?parent=31642"}],"wp:term":[{"taxonomy":"category","embeddable":true,"href":"https:\/\/www.radiopresidenteibanez.cl\/web\/wp-json\/wp\/v2\/categories?post=31642"},{"taxonomy":"post_tag","embeddable":true,"href":"https:\/\/www.radiopresidenteibanez.cl\/web\/wp-json\/wp\/v2\/tags?post=31642"}],"curies":[{"name":"wp","href":"https:\/\/api.w.org\/{rel}","templated":true}]}}