{"id":31625,"date":"2022-08-01T17:49:00","date_gmt":"2022-08-01T20:49:00","guid":{"rendered":"https:\/\/www.radiopresidenteibanez.cl\/web\/?p=31625"},"modified":"2022-08-01T16:29:32","modified_gmt":"2022-08-01T19:29:32","slug":"en-magallanes-mas-de-34-mil-hogares-recibiran-el-bono-chile-apoya-de-invierno","status":"publish","type":"post","link":"https:\/\/www.radiopresidenteibanez.cl\/web\/en-magallanes-mas-de-34-mil-hogares-recibiran-el-bono-chile-apoya-de-invierno\/","title":{"rendered":"EN MAGALLANES MAS DE 34 MIL HOGARES RECIBIRAN EL BONO CHILE APOYA DE INVIERNO"},"content":{"rendered":"\n<p>Desde el 5 de\nagosto, seg\u00fan lo aprobado en la Ley N\u00b0 21.474, el IPS iniciar\u00e1 los pagos a un\nprimer grupo de beneficiarios y beneficiarias del Bono Chile Apoya de Invierno,\nque en la regi\u00f3n de Magallanes beneficiar\u00e1 a un total de 34.064 hogares,\npudiendo haber m\u00e1s de un causante por hogar.<\/p>\n\n\n\n<p>\u201cEn nuestra\nregi\u00f3n son m\u00e1s de 34 mil los hogares que se ver\u00e1n beneficiados con el Bono\nChile Apoya de Invierno, de los cuales, un porcentaje importante, comenzar\u00e1 a\nrecibir el incentivo, a partir de este viernes 5 de agosto, para enfrentar de\nalguna manera el alza del costo de la vida que se ha venido dado en la regi\u00f3n y\nel pa\u00eds\u201d, destac\u00f3 la seremi del Trabajo y Previsi\u00f3n Social, Doris Sandoval Miranda.<\/p>\n\n\n\n<p>Esto, gracias a\nun trabajo importante de gesti\u00f3n del IPS, que permiti\u00f3 adelantar esos pagos que\ninicialmente estaban previstos para iniciar el d\u00eda 16.<\/p>\n\n\n\n<p>La autoridad\nagreg\u00f3 que \u201ceste beneficio se suma a una lista de 21 medidas que nuestro\ngobierno ha estado impulsando e implementando para ir en ayuda de quienes m\u00e1s\nlo necesitan, pero tambi\u00e9n, con miras a generar condiciones estables de\nbienestar para la poblaci\u00f3n en general, a trav\u00e9s de incentivar la formalizaci\u00f3n\nde los empleos, con el IFE Laboral; la reciente aprobaci\u00f3n de la extensi\u00f3n del\nposnatal parental, para dar tranquilidad a las familias a que puedan seguir\ncuid\u00e1ndose; la eliminaci\u00f3n del copago en salud para los tramos C y D y, por\nsupuesto, todo el trabajo que se est\u00e1 haciendo desde Sence para poder entregar\ncursos certificados que mejoren las perspectivas laborales de los grupos m\u00e1s\nrezagados como lo son, mujeres,&nbsp; j\u00f3venes\ny adultos\u201d, manifest\u00f3 la seremi del Trabajo.<\/p>\n\n\n\n<p>La segunda\nnovedad es que, tambi\u00e9n a partir del 5 de agosto, estar\u00e1 operativo el sitio\nweb: <a href=\"http:\/\/www.bonoinviernochileapoya.cl\">www.bonoinviernochileapoya.cl<\/a>,\ndonde los usuario\/as podr\u00e1 revisar su lugar y fecha de pago. <\/p>\n\n\n\n<p>La segunda\nn\u00f3mina de pagos, que se est\u00e1 preparando con la informaci\u00f3n que entrega el\nMinisterio de Desarrollo Social y Familia, de acuerdo a la actualizaci\u00f3n del\nRegistro Social de Hogares, est\u00e1 prevista para iniciar el 22 de agosto. <\/p>\n\n\n\n<p>Finalmente la\nseremi del Trabajo hizo un llamado a hacer sus consultas a trav\u00e9s de <a href=\"http:\/\/www.chileatiende.cl\">www.chileatiende.cl<\/a> y,\ndesde el viernes 5 de agosto, en el sitio web <a href=\"http:\/\/www.bonoinviernochileapoya.cl\">www.bonoinviernochileapoya.cl<\/a>,\ndonde podr\u00e1n revisar fecha y lugar de pago.<\/p>\n","protected":false},"excerpt":{"rendered":"<p>Desde el 5 de agosto, seg\u00fan lo aprobado en la Ley N\u00b0 21.474, el IPS iniciar\u00e1 los pagos a un primer grupo de beneficiarios y beneficiarias del Bono Chile Apoya&#8230; <a class=\"read-more\" href=\"https:\/\/www.radiopresidenteibanez.cl\/web\/en-magallanes-mas-de-34-mil-hogares-recibiran-el-bono-chile-apoya-de-invierno\/\">Leer m\u00e1s<\/a><\/p>\n","protected":false},"author":2,"featured_media":30939,"comment_status":"closed","ping_status":"closed","sticky":false,"template":"","format":"standard","meta":{"footnotes":""},"categories":[1],"tags":[],"class_list":["post-31625","post","type-post","status-publish","format-standard","has-post-thumbnail","hentry","category-cronica"],"_links":{"self":[{"href":"https:\/\/www.radiopresidenteibanez.cl\/web\/wp-json\/wp\/v2\/posts\/31625","targetHints":{"allow":["GET"]}}],"collection":[{"href":"https:\/\/www.radiopresidenteibanez.cl\/web\/wp-json\/wp\/v2\/posts"}],"about":[{"href":"https:\/\/www.radiopresidenteibanez.cl\/web\/wp-json\/wp\/v2\/types\/post"}],"author":[{"embeddable":true,"href":"https:\/\/www.radiopresidenteibanez.cl\/web\/wp-json\/wp\/v2\/users\/2"}],"replies":[{"embeddable":true,"href":"https:\/\/www.radiopresidenteibanez.cl\/web\/wp-json\/wp\/v2\/comments?post=31625"}],"version-history":[{"count":0,"href":"https:\/\/www.radiopresidenteibanez.cl\/web\/wp-json\/wp\/v2\/posts\/31625\/revisions"}],"wp:featuredmedia":[{"embeddable":true,"href":"https:\/\/www.radiopresidenteibanez.cl\/web\/wp-json\/wp\/v2\/media\/30939"}],"wp:attachment":[{"href":"https:\/\/www.radiopresidenteibanez.cl\/web\/wp-json\/wp\/v2\/media?parent=31625"}],"wp:term":[{"taxonomy":"category","embeddable":true,"href":"https:\/\/www.radiopresidenteibanez.cl\/web\/wp-json\/wp\/v2\/categories?post=31625"},{"taxonomy":"post_tag","embeddable":true,"href":"https:\/\/www.radiopresidenteibanez.cl\/web\/wp-json\/wp\/v2\/tags?post=31625"}],"curies":[{"name":"wp","href":"https:\/\/api.w.org\/{rel}","templated":true}]}}