{"id":3162,"date":"2019-04-08T19:42:45","date_gmt":"2019-04-08T19:42:45","guid":{"rendered":"http:\/\/www.radiopresidenteibanez.cl\/web\/?p=3162"},"modified":"2019-04-08T19:42:52","modified_gmt":"2019-04-08T19:42:52","slug":"pdi-presenta-querella-en-contra-de-hombre-que-protagonizo-peligrosa-fuga","status":"publish","type":"post","link":"https:\/\/www.radiopresidenteibanez.cl\/web\/pdi-presenta-querella-en-contra-de-hombre-que-protagonizo-peligrosa-fuga\/","title":{"rendered":"PDI PRESENTA QUERELLA EN CONTRA DE HOMBRE QUE PROTAGONIZ\u00d3 PELIGROSA FUGA"},"content":{"rendered":"\n<p>Hasta las dependencias del Juzgado de Garant\u00eda de\nPunta Arenas llegaron la ma\u00f1ana de este lunes, el jefe de la Regi\u00f3n Policial de\nMagallanes y la Ant\u00e1rtica Chilena, prefecto inspector V\u00edctor Arriagada, junto al\nabogado de la instituci\u00f3n, Hans Monroy, para interponer una querella criminal\nen contra del hombre que el 29 de marzo reci\u00e9n pasado, intent\u00f3 atropellar a\ndetectives e inici\u00f3 una peligrosa fuga por las calles de Punta Arenas cuando\niba a ser detenido, ya que ten\u00eda una orden de aprehensi\u00f3n pendiente por el\ndelito de tr\u00e1fico de peque\u00f1as cantidades de droga.<\/p>\n\n\n\n<p>La acci\u00f3n judicial fue presentada en\nrepresentaci\u00f3n de los efectivos policiales por Atentado contra la Autoridad,\nestipulado en el Art\u00edculo 261 N\u00b0 2 del C\u00f3digo Penal. Asimismo, se interpuso la\nquerella en virtud al delito de Infracci\u00f3n al Decreto Ley 2.460 de la Ley\nOrg\u00e1nica de la Polic\u00eda de Investigaciones de Chile: por lesiones menos graves y\nlesiones leves. <\/p>\n\n\n\n<p>La Polic\u00eda de Investigaciones busca que se obtenga el m\u00e1ximo de las penas que establece el ordenamiento jur\u00eddico, y adem\u00e1s entregar respaldo institucional a los efectivos policiales que resultaron lesionados en el procedimiento policial.\u00a0 <\/p>\n\n\n\n<figure class=\"wp-block-image\"><img loading=\"lazy\" decoding=\"async\" width=\"900\" height=\"675\" src=\"https:\/\/www.radiopresidenteibanez.cl\/web\/wp-content\/uploads\/2019\/04\/1.jpg\" alt=\"\" class=\"wp-image-3163\" srcset=\"https:\/\/www.radiopresidenteibanez.cl\/web\/wp-content\/uploads\/2019\/04\/1.jpg 900w, https:\/\/www.radiopresidenteibanez.cl\/web\/wp-content\/uploads\/2019\/04\/1-300x225.jpg 300w, https:\/\/www.radiopresidenteibanez.cl\/web\/wp-content\/uploads\/2019\/04\/1-768x576.jpg 768w\" sizes=\"auto, (max-width: 900px) 100vw, 900px\" \/><\/figure>\n","protected":false},"excerpt":{"rendered":"<p>Hasta las dependencias del Juzgado de Garant\u00eda de Punta Arenas llegaron la ma\u00f1ana de este lunes, el jefe de la Regi\u00f3n Policial de Magallanes y la Ant\u00e1rtica Chilena, prefecto inspector&#8230; <a class=\"read-more\" href=\"https:\/\/www.radiopresidenteibanez.cl\/web\/pdi-presenta-querella-en-contra-de-hombre-que-protagonizo-peligrosa-fuga\/\">Leer m\u00e1s<\/a><\/p>\n","protected":false},"author":2,"featured_media":3163,"comment_status":"closed","ping_status":"closed","sticky":false,"template":"","format":"standard","meta":{"footnotes":""},"categories":[1],"tags":[],"class_list":["post-3162","post","type-post","status-publish","format-standard","has-post-thumbnail","hentry","category-cronica"],"_links":{"self":[{"href":"https:\/\/www.radiopresidenteibanez.cl\/web\/wp-json\/wp\/v2\/posts\/3162","targetHints":{"allow":["GET"]}}],"collection":[{"href":"https:\/\/www.radiopresidenteibanez.cl\/web\/wp-json\/wp\/v2\/posts"}],"about":[{"href":"https:\/\/www.radiopresidenteibanez.cl\/web\/wp-json\/wp\/v2\/types\/post"}],"author":[{"embeddable":true,"href":"https:\/\/www.radiopresidenteibanez.cl\/web\/wp-json\/wp\/v2\/users\/2"}],"replies":[{"embeddable":true,"href":"https:\/\/www.radiopresidenteibanez.cl\/web\/wp-json\/wp\/v2\/comments?post=3162"}],"version-history":[{"count":0,"href":"https:\/\/www.radiopresidenteibanez.cl\/web\/wp-json\/wp\/v2\/posts\/3162\/revisions"}],"wp:featuredmedia":[{"embeddable":true,"href":"https:\/\/www.radiopresidenteibanez.cl\/web\/wp-json\/wp\/v2\/media\/3163"}],"wp:attachment":[{"href":"https:\/\/www.radiopresidenteibanez.cl\/web\/wp-json\/wp\/v2\/media?parent=3162"}],"wp:term":[{"taxonomy":"category","embeddable":true,"href":"https:\/\/www.radiopresidenteibanez.cl\/web\/wp-json\/wp\/v2\/categories?post=3162"},{"taxonomy":"post_tag","embeddable":true,"href":"https:\/\/www.radiopresidenteibanez.cl\/web\/wp-json\/wp\/v2\/tags?post=3162"}],"curies":[{"name":"wp","href":"https:\/\/api.w.org\/{rel}","templated":true}]}}