{"id":316,"date":"2019-01-09T14:14:13","date_gmt":"2019-01-09T14:14:13","guid":{"rendered":"http:\/\/www.radiopresidenteibanez.cl\/web\/?p=316"},"modified":"2019-01-09T14:14:30","modified_gmt":"2019-01-09T14:14:30","slug":"mop-y-siss-lanzan-campana-de-ahorro-de-agua","status":"publish","type":"post","link":"https:\/\/www.radiopresidenteibanez.cl\/web\/mop-y-siss-lanzan-campana-de-ahorro-de-agua\/","title":{"rendered":"MOP Y SISS LANZAN CAMPA\u00d1A DE AHORRO DE AGUA"},"content":{"rendered":"\n<p>\u00abCuidemos\nel Agua\u00bb es la campa\u00f1a del Ministerio de Obras P\u00fablicas (MOP) y&nbsp;la\nSuperintendencia de Servicios Sanitarios (SISS), que busca&nbsp;generar\nconciencia sobre la necesidad de hacer un uso responsable del agua potable con\nmedidas simples aplicables en el d\u00eda a d\u00eda. <\/p>\n\n\n\n<p>\u201cEsta campa\u00f1a no solo apunta a que cuidemos el planeta y la escasez de\nagua que presenta a nivel global, sino que tambi\u00e9n para preocuparse del\nbolsillo y como esto puede impactar. Por ejemplo, el 60% del agua en un hogar\nse gasta en el ba\u00f1o y ah\u00ed, m\u00e1s de la mitad se usa en la ducha. Por eso cada\nminuto extra de ducha son 12 litros de agua que se pierden\u201d, se\u00f1al\u00f3 el Seremi\nde Obras P\u00fablicas, Pablo Rendoll. <\/p>\n\n\n\n<p>En 2017,\nla Regi\u00f3n de Magallanes tuvo un consumo promedio de 13,3 m3, registrando el\nmayor gasto Punta Arenas con 13,9 m3 y Puerto Natales el menor con 12,7 m3. <\/p>\n\n\n\n<p>\u201cCreemos\nque como regi\u00f3n debemos tomar conciencia con lo que sucede en el mundo y\ndebemos seguir avanzando en el cuidado del agua y del planeta en general, m\u00e1s\na\u00fan con el cambio clim\u00e1tico, que es una realidad. Asumimos el desaf\u00edo de esta\ncampa\u00f1a y esperamos que todos se sumen\u201d, coment\u00f3 el Jefe Regional de la SISS, Alejandro\nSoto. <\/p>\n\n\n\n<p>Por esto\nes que la campa\u00f1a tiene como desaf\u00edo que cada persona logre ducharse en menos\nde tres minutos, con el fin de ahorrar agua.<\/p>\n\n\n\n<p>\u201cHacemos\nun llamado para que al menos una vez a la semana nos duchemos en menos de tres\nminutos y luego poder sumar m\u00e1s d\u00edas. De esta manera no solo cuidamos el\nplaneta, sino que veremos un ahorro en la cuenta a final de mes\u201d, dijo el Superintendente\nde Servicios Sanitarios, Ronaldo Bruna.<\/p>\n\n\n\n<p>Tambi\u00e9n\nse hace un llamado para el cuidado de grifos, labor que le corresponde a toda\nla comunidad, ya que en esta \u00e9poca es com\u00fan que se abran para fines\nrecreacionales y no para salvaguardar vidas con el trabajo de Bomberos. El compromiso\nde la ciudadan\u00eda es a informar de alg\u00fan problema llamando al 800381800, a la\noficina regional de la SISS al 61-2222881 o ingresando a la p\u00e1gina <a href=\"http:\/\/www.siss.cl\">www.siss.cl<\/a>.<\/p>\n","protected":false},"excerpt":{"rendered":"<p>\u00abCuidemos el Agua\u00bb es la campa\u00f1a del Ministerio de Obras P\u00fablicas (MOP) y&nbsp;la Superintendencia de Servicios Sanitarios (SISS), que busca&nbsp;generar conciencia sobre la necesidad de hacer un uso responsable del&#8230; <a class=\"read-more\" href=\"https:\/\/www.radiopresidenteibanez.cl\/web\/mop-y-siss-lanzan-campana-de-ahorro-de-agua\/\">Leer m\u00e1s<\/a><\/p>\n","protected":false},"author":2,"featured_media":317,"comment_status":"closed","ping_status":"closed","sticky":false,"template":"","format":"standard","meta":{"footnotes":""},"categories":[1],"tags":[],"class_list":["post-316","post","type-post","status-publish","format-standard","has-post-thumbnail","hentry","category-cronica"],"_links":{"self":[{"href":"https:\/\/www.radiopresidenteibanez.cl\/web\/wp-json\/wp\/v2\/posts\/316","targetHints":{"allow":["GET"]}}],"collection":[{"href":"https:\/\/www.radiopresidenteibanez.cl\/web\/wp-json\/wp\/v2\/posts"}],"about":[{"href":"https:\/\/www.radiopresidenteibanez.cl\/web\/wp-json\/wp\/v2\/types\/post"}],"author":[{"embeddable":true,"href":"https:\/\/www.radiopresidenteibanez.cl\/web\/wp-json\/wp\/v2\/users\/2"}],"replies":[{"embeddable":true,"href":"https:\/\/www.radiopresidenteibanez.cl\/web\/wp-json\/wp\/v2\/comments?post=316"}],"version-history":[{"count":0,"href":"https:\/\/www.radiopresidenteibanez.cl\/web\/wp-json\/wp\/v2\/posts\/316\/revisions"}],"wp:featuredmedia":[{"embeddable":true,"href":"https:\/\/www.radiopresidenteibanez.cl\/web\/wp-json\/wp\/v2\/media\/317"}],"wp:attachment":[{"href":"https:\/\/www.radiopresidenteibanez.cl\/web\/wp-json\/wp\/v2\/media?parent=316"}],"wp:term":[{"taxonomy":"category","embeddable":true,"href":"https:\/\/www.radiopresidenteibanez.cl\/web\/wp-json\/wp\/v2\/categories?post=316"},{"taxonomy":"post_tag","embeddable":true,"href":"https:\/\/www.radiopresidenteibanez.cl\/web\/wp-json\/wp\/v2\/tags?post=316"}],"curies":[{"name":"wp","href":"https:\/\/api.w.org\/{rel}","templated":true}]}}