{"id":31598,"date":"2022-07-31T14:30:00","date_gmt":"2022-07-31T17:30:00","guid":{"rendered":"https:\/\/www.radiopresidenteibanez.cl\/web\/?p=31598"},"modified":"2022-07-31T13:31:58","modified_gmt":"2022-07-31T16:31:58","slug":"cuatro-mil-personas-participaron-en-la-6version-de-la-corrida-nocturna-familiar-organizada-por-mindep-ind-magallanes","status":"publish","type":"post","link":"https:\/\/www.radiopresidenteibanez.cl\/web\/cuatro-mil-personas-participaron-en-la-6version-de-la-corrida-nocturna-familiar-organizada-por-mindep-ind-magallanes\/","title":{"rendered":"Cuatro mil personas participaron en la 6\u00b0Versi\u00f3n de la Corrida Nocturna Familiar organizada por Mindep\/IND Magallanes"},"content":{"rendered":"\n<p>Despu\u00e9s de dos a\u00f1os suspendida por temas sanitarios, el Instituto Nacional de Deporte y la Seremi de Deporte Magallanes organizaron la 6\u00b0 Versi\u00f3n de la  Corrida Nocturna Familiar, el evento deportivo m\u00e1s grande e importante de la regi\u00f3n, actividad masiva de car\u00e1cter deportivo familiar y que se realiza  el \u00faltimo s\u00e1bado de julio de cada a\u00f1o. <br>\nLa actividad, que convoc\u00f3 a m\u00e1s de cuatro mil corredores se desarroll\u00f3 en la costanera del estrecho de Punta Arenas y cont\u00f3 con la presencia de la Subsecretaria del Deporte, Antonia Illanes; el Director (s) del Instituto Nacional, Israel Castro, la Delegada Presidencial Regional, Luz Berm\u00fadez, el Seremi del Deporte, Leonidas Hern\u00e1ndez y el Director (s) IND Magallanes Iv\u00e1n Andrade. <br>\nAl respecto la Subsecretaria del Deporte, Antonia Illanes dijo que: \u201cEstamos muy contentos por esta importante convocatoria por parte de los magall\u00e1nicos sin importar el fr\u00edo est\u00e1n en esta linda actividad que re\u00fane a la familia a hacer actividad f\u00edsica y deporte\u201d.<br>\nMientras que el Seremi del Deporte Leonidas Hern\u00e1ndez agreg\u00f3 que: \u201cEst\u00e1bamos muy expectantes para ver c\u00f3mo se comportaba el tiempo, pero todo ha resultado fant\u00e1stico, queremos replicar este tipo de actividades en toda la regi\u00f3n para acercar el deporte a la familia\u201d. <br>\nLa Corrida Nocturna Familiar es organizada por el programa de Deporte de Participaci\u00f3n Social del IND Magallanes y busca promover la pr\u00e1ctica de actividad f\u00edsica y generar h\u00e1bitos de vida saludable para toda la comunidad de manera gratuita, participativa e inclusiva; enfocado en los pilares de recreaci\u00f3n, autocuidado y calidad de vida. <br>\nSu 1\u00b0 versi\u00f3n realizada el a\u00f1o 2015 convoc\u00f3 a 400 personas, mientras que la \u00faltima versi\u00f3n realizada el a\u00f1o 2019 alcanz\u00f3 la cifra de m\u00e1s de tres mil personas. Es por esto que, despu\u00e9s de dos a\u00f1os de suspensi\u00f3n por temas sanitarios en el marco de la pandemia,  se super\u00f3 la cifra de participantes y establecer esta actividad como el evento deportivo del invierno en Magallanes. <\/p>\n","protected":false},"excerpt":{"rendered":"<p>Despu\u00e9s de dos a\u00f1os suspendida por temas sanitarios, el Instituto Nacional de Deporte y la Seremi de Deporte Magallanes organizaron la 6\u00b0 Versi\u00f3n de la Corrida Nocturna Familiar, el evento&#8230; <a class=\"read-more\" href=\"https:\/\/www.radiopresidenteibanez.cl\/web\/cuatro-mil-personas-participaron-en-la-6version-de-la-corrida-nocturna-familiar-organizada-por-mindep-ind-magallanes\/\">Leer m\u00e1s<\/a><\/p>\n","protected":false},"author":2,"featured_media":31599,"comment_status":"closed","ping_status":"closed","sticky":false,"template":"","format":"standard","meta":{"footnotes":""},"categories":[1],"tags":[],"class_list":["post-31598","post","type-post","status-publish","format-standard","has-post-thumbnail","hentry","category-cronica"],"_links":{"self":[{"href":"https:\/\/www.radiopresidenteibanez.cl\/web\/wp-json\/wp\/v2\/posts\/31598","targetHints":{"allow":["GET"]}}],"collection":[{"href":"https:\/\/www.radiopresidenteibanez.cl\/web\/wp-json\/wp\/v2\/posts"}],"about":[{"href":"https:\/\/www.radiopresidenteibanez.cl\/web\/wp-json\/wp\/v2\/types\/post"}],"author":[{"embeddable":true,"href":"https:\/\/www.radiopresidenteibanez.cl\/web\/wp-json\/wp\/v2\/users\/2"}],"replies":[{"embeddable":true,"href":"https:\/\/www.radiopresidenteibanez.cl\/web\/wp-json\/wp\/v2\/comments?post=31598"}],"version-history":[{"count":0,"href":"https:\/\/www.radiopresidenteibanez.cl\/web\/wp-json\/wp\/v2\/posts\/31598\/revisions"}],"wp:featuredmedia":[{"embeddable":true,"href":"https:\/\/www.radiopresidenteibanez.cl\/web\/wp-json\/wp\/v2\/media\/31599"}],"wp:attachment":[{"href":"https:\/\/www.radiopresidenteibanez.cl\/web\/wp-json\/wp\/v2\/media?parent=31598"}],"wp:term":[{"taxonomy":"category","embeddable":true,"href":"https:\/\/www.radiopresidenteibanez.cl\/web\/wp-json\/wp\/v2\/categories?post=31598"},{"taxonomy":"post_tag","embeddable":true,"href":"https:\/\/www.radiopresidenteibanez.cl\/web\/wp-json\/wp\/v2\/tags?post=31598"}],"curies":[{"name":"wp","href":"https:\/\/api.w.org\/{rel}","templated":true}]}}