{"id":3159,"date":"2019-04-08T19:38:30","date_gmt":"2019-04-08T19:38:30","guid":{"rendered":"http:\/\/www.radiopresidenteibanez.cl\/web\/?p=3159"},"modified":"2019-04-08T19:39:05","modified_gmt":"2019-04-08T19:39:05","slug":"escuela-bernardo-ohiggins-de-porvenir-celebro-su-aniversario-72","status":"publish","type":"post","link":"https:\/\/www.radiopresidenteibanez.cl\/web\/escuela-bernardo-ohiggins-de-porvenir-celebro-su-aniversario-72\/","title":{"rendered":"ESCUELA BERNARDO O\u2019HIGGINS DE PORVENIR CELEBR\u00d3 SU ANIVERSARIO 72"},"content":{"rendered":"\n<p>En el gimnasio Carlos\nBaigorri de la escuela Bernardo O\u2019Higgins, se realiz\u00f3 el viernes pasado la\nvelada de gala en la cual el establecimiento educacional que celebr\u00f3 su aniversario\nNro 72 al servicio y formaci\u00f3n de los estudiantes fueguinos.<\/p>\n\n\n\n<p>La velada cont\u00f3 con la\npresencia de la gobernadora de Tierra del Fuego Margarita Norambuena, la\nalcaldesa de Porvenir Marisol Andrade, concejales de la comuna, el director del\nestablecimiento Patricio Sandoval y todo el personal que trabaja en dicha\nescuela.<\/p>\n\n\n\n<p>Durante toda la semana el\nplantel estudiantil, acompa\u00f1ados por sus apoderados participaron de las\ndiferentes actividades tanto deportivas como recreativas que fueron preparadas\npara celebrar este nuevo aniversario.<\/p>\n\n\n\n<p>La alcaldesa de Porvenir,\nMarisol Andrade C\u00e1rdenas, se\u00f1al\u00f3 que \u201ccon la alegr\u00eda de siempre de poder ver\nfelices a los ni\u00f1os y a los pap\u00e1s participar de la distintas actividades de\neste aniversario. Adem\u00e1s este a\u00f1o se vivi\u00f3 con una mirada especial porque va\nencaminada una escuela nueva para todos los alumnos, alumnas, profesores,\nasistentes de la educaci\u00f3n y el equipo directivo que conforman este\nestablecimiento educacional de Porvenir\u201d.<\/p>\n\n\n\n<p>En la misma ceremonia se\ndestac\u00f3 y reconoci\u00f3 el trabajo desarrollado por el profesor Juan Torres Toro,\nquien estuvo trabajando 46 a\u00f1os en este establecimiento educacional. <\/p>\n\n\n\n<p>Finalmente se coronaron a las reinas y rey de cada curso, que este a\u00f1o fueron parte de las celebraciones. <\/p>\n\n\n\n<figure class=\"wp-block-image\"><img loading=\"lazy\" decoding=\"async\" width=\"1024\" height=\"640\" src=\"https:\/\/www.radiopresidenteibanez.cl\/web\/wp-content\/uploads\/2019\/04\/Aniversario-Escuela-2-1024x640.png\" alt=\"\" class=\"wp-image-3160\" srcset=\"https:\/\/www.radiopresidenteibanez.cl\/web\/wp-content\/uploads\/2019\/04\/Aniversario-Escuela-2-1024x640.png 1024w, https:\/\/www.radiopresidenteibanez.cl\/web\/wp-content\/uploads\/2019\/04\/Aniversario-Escuela-2-300x188.png 300w, https:\/\/www.radiopresidenteibanez.cl\/web\/wp-content\/uploads\/2019\/04\/Aniversario-Escuela-2-768x480.png 768w, https:\/\/www.radiopresidenteibanez.cl\/web\/wp-content\/uploads\/2019\/04\/Aniversario-Escuela-2.png 1440w\" sizes=\"auto, (max-width: 1024px) 100vw, 1024px\" \/><\/figure>\n","protected":false},"excerpt":{"rendered":"<p>En el gimnasio Carlos Baigorri de la escuela Bernardo O\u2019Higgins, se realiz\u00f3 el viernes pasado la velada de gala en la cual el establecimiento educacional que celebr\u00f3 su aniversario Nro&#8230; <a class=\"read-more\" href=\"https:\/\/www.radiopresidenteibanez.cl\/web\/escuela-bernardo-ohiggins-de-porvenir-celebro-su-aniversario-72\/\">Leer m\u00e1s<\/a><\/p>\n","protected":false},"author":2,"featured_media":3160,"comment_status":"closed","ping_status":"closed","sticky":false,"template":"","format":"standard","meta":{"footnotes":""},"categories":[1],"tags":[],"class_list":["post-3159","post","type-post","status-publish","format-standard","has-post-thumbnail","hentry","category-cronica"],"_links":{"self":[{"href":"https:\/\/www.radiopresidenteibanez.cl\/web\/wp-json\/wp\/v2\/posts\/3159","targetHints":{"allow":["GET"]}}],"collection":[{"href":"https:\/\/www.radiopresidenteibanez.cl\/web\/wp-json\/wp\/v2\/posts"}],"about":[{"href":"https:\/\/www.radiopresidenteibanez.cl\/web\/wp-json\/wp\/v2\/types\/post"}],"author":[{"embeddable":true,"href":"https:\/\/www.radiopresidenteibanez.cl\/web\/wp-json\/wp\/v2\/users\/2"}],"replies":[{"embeddable":true,"href":"https:\/\/www.radiopresidenteibanez.cl\/web\/wp-json\/wp\/v2\/comments?post=3159"}],"version-history":[{"count":0,"href":"https:\/\/www.radiopresidenteibanez.cl\/web\/wp-json\/wp\/v2\/posts\/3159\/revisions"}],"wp:featuredmedia":[{"embeddable":true,"href":"https:\/\/www.radiopresidenteibanez.cl\/web\/wp-json\/wp\/v2\/media\/3160"}],"wp:attachment":[{"href":"https:\/\/www.radiopresidenteibanez.cl\/web\/wp-json\/wp\/v2\/media?parent=3159"}],"wp:term":[{"taxonomy":"category","embeddable":true,"href":"https:\/\/www.radiopresidenteibanez.cl\/web\/wp-json\/wp\/v2\/categories?post=3159"},{"taxonomy":"post_tag","embeddable":true,"href":"https:\/\/www.radiopresidenteibanez.cl\/web\/wp-json\/wp\/v2\/tags?post=3159"}],"curies":[{"name":"wp","href":"https:\/\/api.w.org\/{rel}","templated":true}]}}