{"id":31577,"date":"2022-07-30T10:47:00","date_gmt":"2022-07-30T13:47:00","guid":{"rendered":"https:\/\/www.radiopresidenteibanez.cl\/web\/?p=31577"},"modified":"2022-07-29T19:49:54","modified_gmt":"2022-07-29T22:49:54","slug":"santo-tomas-invita-a-inscribirse-al-2do-ensayo-paes","status":"publish","type":"post","link":"https:\/\/www.radiopresidenteibanez.cl\/web\/santo-tomas-invita-a-inscribirse-al-2do-ensayo-paes\/","title":{"rendered":"Santo Tom\u00e1s invita a inscribirse al 2do Ensayo PAES"},"content":{"rendered":"\n<p>Con el prop\u00f3sito de medir conocimientos y acercar la nueva Prueba de Acceso a la Educaci\u00f3n Superior (PAES) a quienes la rendir\u00e1n en noviembre de este a\u00f1o, Santo Tom\u00e1s realizar\u00e1 el segundo ensayo presencial bajo las mismas restricciones que tendr\u00e1 la nueva prueba de acceso a la educaci\u00f3n superior<\/p>\n\n\n\n<p>Es as\u00ed como, a partir de las 09:30 horas, quienes se inscriban tendr\u00e1n la oportunidad de iniciar con el ensayo de Comprensi\u00f3n Lectora y posteriormente finalizar con el examen de Matem\u00e1tica (M1). Previo al inicio de las pruebas, quienes se inscriban para el ensayo PAES, tendr\u00e1n que realizar el proceso de reconocimiento de sala y el ingreso a \u00e9sta presentando su c\u00e9dula de identidad.<\/p>\n\n\n\n<p>El segundo Ensayo PAES de Santo Tom\u00e1s se realizar\u00e1 el s\u00e1bado 6 de agosto, desde las 09:30 horas en la sede Punta Arenas ubicada en Mejicana 665. Para inscribirse y obtener m\u00e1s informaci\u00f3n deben ingresar al sitio web&nbsp;<a href=\"https:\/\/ensayo.santotomas.cl\/\" target=\"_blank\" rel=\"noreferrer noopener\">ensayo.santotomas.cl<\/a>. La inscripci\u00f3n es gratuita y estar\u00e1 disponible hasta el pr\u00f3ximo viernes 05 de agosto.<\/p>\n\n\n\n<p>Al igual que otras versiones, este ensayo se realizar\u00e1 de manera simult\u00e1nea en todas las sedes Santo Tom\u00e1s del pa\u00eds.<\/p>\n","protected":false},"excerpt":{"rendered":"<p>Con el prop\u00f3sito de medir conocimientos y acercar la nueva Prueba de Acceso a la Educaci\u00f3n Superior (PAES) a quienes la rendir\u00e1n en noviembre de este a\u00f1o, Santo Tom\u00e1s realizar\u00e1&#8230; <a class=\"read-more\" href=\"https:\/\/www.radiopresidenteibanez.cl\/web\/santo-tomas-invita-a-inscribirse-al-2do-ensayo-paes\/\">Leer m\u00e1s<\/a><\/p>\n","protected":false},"author":2,"featured_media":31578,"comment_status":"closed","ping_status":"closed","sticky":false,"template":"","format":"standard","meta":{"footnotes":""},"categories":[1],"tags":[],"class_list":["post-31577","post","type-post","status-publish","format-standard","has-post-thumbnail","hentry","category-cronica"],"_links":{"self":[{"href":"https:\/\/www.radiopresidenteibanez.cl\/web\/wp-json\/wp\/v2\/posts\/31577","targetHints":{"allow":["GET"]}}],"collection":[{"href":"https:\/\/www.radiopresidenteibanez.cl\/web\/wp-json\/wp\/v2\/posts"}],"about":[{"href":"https:\/\/www.radiopresidenteibanez.cl\/web\/wp-json\/wp\/v2\/types\/post"}],"author":[{"embeddable":true,"href":"https:\/\/www.radiopresidenteibanez.cl\/web\/wp-json\/wp\/v2\/users\/2"}],"replies":[{"embeddable":true,"href":"https:\/\/www.radiopresidenteibanez.cl\/web\/wp-json\/wp\/v2\/comments?post=31577"}],"version-history":[{"count":0,"href":"https:\/\/www.radiopresidenteibanez.cl\/web\/wp-json\/wp\/v2\/posts\/31577\/revisions"}],"wp:featuredmedia":[{"embeddable":true,"href":"https:\/\/www.radiopresidenteibanez.cl\/web\/wp-json\/wp\/v2\/media\/31578"}],"wp:attachment":[{"href":"https:\/\/www.radiopresidenteibanez.cl\/web\/wp-json\/wp\/v2\/media?parent=31577"}],"wp:term":[{"taxonomy":"category","embeddable":true,"href":"https:\/\/www.radiopresidenteibanez.cl\/web\/wp-json\/wp\/v2\/categories?post=31577"},{"taxonomy":"post_tag","embeddable":true,"href":"https:\/\/www.radiopresidenteibanez.cl\/web\/wp-json\/wp\/v2\/tags?post=31577"}],"curies":[{"name":"wp","href":"https:\/\/api.w.org\/{rel}","templated":true}]}}