{"id":31574,"date":"2022-07-30T09:32:58","date_gmt":"2022-07-30T12:32:58","guid":{"rendered":"https:\/\/www.radiopresidenteibanez.cl\/web\/?p=31574"},"modified":"2022-07-29T19:47:46","modified_gmt":"2022-07-29T22:47:46","slug":"350-personas-participaron-de-los-talleres-culturales-del-municipio-de-punta-arenas","status":"publish","type":"post","link":"https:\/\/www.radiopresidenteibanez.cl\/web\/350-personas-participaron-de-los-talleres-culturales-del-municipio-de-punta-arenas\/","title":{"rendered":"350 personas participaron de los Talleres Culturales del Municipio de Punta Arenas"},"content":{"rendered":"\n<p>Durante dos d\u00edas se realiz\u00f3 la muestra de los 32 talleres art\u00edsticos y culturales que se ofrecieron desde el Municipio, a trav\u00e9s del Centro Cultural Municipal \u201cClaudio Paredes Chamorro\u201d, durante el primer semestre de 2022.350 personas participaron de actividades como teatro, m\u00fasica, fotograf\u00eda, confecci\u00f3n de cosplay, pintura, creaci\u00f3n textil, y muchas otras alternativas, que estuvieron disponibles de manera gratuita para la comunidad de Punta Arenas, lo que implica una inversi\u00f3n municipal cercana a los 85 millones de pesos.<br>\u201cLo que buscamos es que estas 350 personas que han participado este semestre se multiplique. Es una inversi\u00f3n importante municipal con la cultura, como siempre lo hemos hecho, pero adem\u00e1s le damos vida a este lugar que es el Centro Cultural. Este Centro Cultural todos los d\u00edas tiene distintos talleres para distintas edades\u201d, afirm\u00f3 el alcalde de Punta Arenas, Claudio Radonich.<br>Los participantes de los talleres se manifestaron muy contentos de poder disfrutar de esta variada gama de actividades, que este a\u00f1o fueron elegidas a trav\u00e9s de un concurso p\u00fablico.<br>\u201cEn realidad, para m\u00ed la experiencia fue s\u00faper enriquecedora, desde lo personal hasta mis desaf\u00edos como m\u00fasica. Aprend\u00ed parte de t\u00e9cnica que siempre es muy necesario y tambi\u00e9n en cuanto a la teor\u00eda, que si bien no hubo presentaci\u00f3n de eso, pero son elementos que son s\u00faper necesarios para cuando quieres formarte en la m\u00fasica y tener trayectoria en todo sentido. As\u00ed que para m\u00ed fue s\u00faper enriquecedor. Estoy s\u00faper agradecida de Rodrigo, de la paciencia que tuvo y contenta de haber conocido gente tan interesante y talentosa\u201d, afirm\u00f3 Macarena Henr\u00edquez, participante de los talleres de Guitarra, Ensamble Vocal, Canto y Teor\u00eda Musical.<br>En tanto, Ra\u00fal L\u00f3pez, participante de los talleres de Teatro B\u00e1sico, Teatro F\u00edsico y Fotograf\u00eda B\u00e1sica, se\u00f1al\u00f3 que \u201cMe pareci\u00f3 una experiencia enriquecedora. Ya hab\u00eda tenido acercamientos con teatro, anteriormente, pero nunca en forma tan continua. Adquir\u00ed bastantes conocimientos con Teatro F\u00edsico y Teatro B\u00e1sico, y en el taller de Fotograf\u00eda fue una experiencia m\u00e1s tranquila pero muy enriquecedora. Los conocimientos que te entregan en los talleres y la calidad de los profesores creo que son de un nivel buen\u00edsimo y creo que hay que explotar un poco m\u00e1s la llegada del p\u00fablico a estos talleres\u201d.<br>Desde este lunes ya se encuentran abiertas las inscripciones para todas las personas mayores de 14 a\u00f1os que cuenten con su respectivo Pase de Movilidad al d\u00eda. Para poder participar, deben inscribirse a trav\u00e9s del correo\u00a0<a rel=\"noreferrer noopener\" href=\"mailto:cculturalinscripciones@e-puntaarenas.cl\" target=\"_blank\">cculturalinscripciones@e-puntaarenas.cl<\/a>, enviando su nombre completo, edad, talleres en los que desea participar, y tel\u00e9fono celular (Para que los talleristas puedan comunicarse posteriormente). <\/p>\n","protected":false},"excerpt":{"rendered":"<p>Durante dos d\u00edas se realiz\u00f3 la muestra de los 32 talleres art\u00edsticos y culturales que se ofrecieron desde el Municipio, a trav\u00e9s del Centro Cultural Municipal \u201cClaudio Paredes Chamorro\u201d, durante&#8230; <a class=\"read-more\" href=\"https:\/\/www.radiopresidenteibanez.cl\/web\/350-personas-participaron-de-los-talleres-culturales-del-municipio-de-punta-arenas\/\">Leer m\u00e1s<\/a><\/p>\n","protected":false},"author":2,"featured_media":31575,"comment_status":"closed","ping_status":"closed","sticky":false,"template":"","format":"standard","meta":{"footnotes":""},"categories":[1],"tags":[],"class_list":["post-31574","post","type-post","status-publish","format-standard","has-post-thumbnail","hentry","category-cronica"],"_links":{"self":[{"href":"https:\/\/www.radiopresidenteibanez.cl\/web\/wp-json\/wp\/v2\/posts\/31574","targetHints":{"allow":["GET"]}}],"collection":[{"href":"https:\/\/www.radiopresidenteibanez.cl\/web\/wp-json\/wp\/v2\/posts"}],"about":[{"href":"https:\/\/www.radiopresidenteibanez.cl\/web\/wp-json\/wp\/v2\/types\/post"}],"author":[{"embeddable":true,"href":"https:\/\/www.radiopresidenteibanez.cl\/web\/wp-json\/wp\/v2\/users\/2"}],"replies":[{"embeddable":true,"href":"https:\/\/www.radiopresidenteibanez.cl\/web\/wp-json\/wp\/v2\/comments?post=31574"}],"version-history":[{"count":0,"href":"https:\/\/www.radiopresidenteibanez.cl\/web\/wp-json\/wp\/v2\/posts\/31574\/revisions"}],"wp:featuredmedia":[{"embeddable":true,"href":"https:\/\/www.radiopresidenteibanez.cl\/web\/wp-json\/wp\/v2\/media\/31575"}],"wp:attachment":[{"href":"https:\/\/www.radiopresidenteibanez.cl\/web\/wp-json\/wp\/v2\/media?parent=31574"}],"wp:term":[{"taxonomy":"category","embeddable":true,"href":"https:\/\/www.radiopresidenteibanez.cl\/web\/wp-json\/wp\/v2\/categories?post=31574"},{"taxonomy":"post_tag","embeddable":true,"href":"https:\/\/www.radiopresidenteibanez.cl\/web\/wp-json\/wp\/v2\/tags?post=31574"}],"curies":[{"name":"wp","href":"https:\/\/api.w.org\/{rel}","templated":true}]}}