{"id":31546,"date":"2022-07-29T08:14:18","date_gmt":"2022-07-29T11:14:18","guid":{"rendered":"https:\/\/www.radiopresidenteibanez.cl\/web\/?p=31546"},"modified":"2022-07-29T10:45:45","modified_gmt":"2022-07-29T13:45:45","slug":"mas-de-60-000-personas-en-la-region-se-veran-beneficiadas-en-magallanes-con-el-programa-copago-cero","status":"publish","type":"post","link":"https:\/\/www.radiopresidenteibanez.cl\/web\/mas-de-60-000-personas-en-la-region-se-veran-beneficiadas-en-magallanes-con-el-programa-copago-cero\/","title":{"rendered":"MAS DE 60.000 PERSONAS EN LA REGION SE VERAN BENEFICIADAS EN MAGALLANES CON EL PROGRAMA COPAGO CERO"},"content":{"rendered":"\n<p>Luego del anuncio realizado ayer\nmi\u00e9rcoles por el&nbsp;Presidente de la\nRep\u00fablica, Gabriel Boric Font, sobre&nbsp;el programa&nbsp;\u201cCopago Cero\u201d&nbsp;que consagra\nla gratuidad en la red p\u00fablica de salud para usuarios de FONASA y que ir\u00e1 en\ndirecto beneficio de 5 millones de personas, usuarios y usuarias, de los\ntramos&nbsp;C y D, esta ma\u00f1ana\nlas autoridades regionales se refirieron al tema. <\/p>\n\n\n\n<p>Cabe se\u00f1alar que este es un\ncompromiso definido en el programa de Gobierno, y que fue ratificado por el\nPresidente Boric, en junio al rendir su Cuenta P\u00fablica y que se concreta como\nun avance hist\u00f3rico en materia de salud.<\/p>\n\n\n\n<p>La Delegada Presidencial Regional, Luz Berm\u00fadez Sandoval, \u201cDesde Magallanes queremos compartir con ustedes nuestras impresiones respecto a tan importante anuncio realizado por nuestro Presidente Gabriel Boric el d\u00eda de ayer, que es un paso important\u00edsimo para el avance de nuestro compromiso de la seguridad de manera universal y de avanzar a reforzar la salud p\u00fablica. \u00a0Beneficiar\u00e1 a m\u00e1s de 60 mil personas ac\u00e1 en la regi\u00f3n y a 5 millones en el pa\u00eds y con la certeza de que si enferman de algo grave, tendr\u00e1n la tranquilidad que en la red asistencial p\u00fablica van a ser atendidos sin lucro alguno. Definitivamente es un avance hist\u00f3rico en el camino de la salud para chilenas y chilenos\u201d.<\/p>\n\n\n\n<p>El fin del copago en el sistema\np\u00fablico aplica para las prestaciones GES y tambi\u00e9n para las que no son GES, con\nun ahorro que a las familias les significar\u00e1 $265 mil al a\u00f1o en promedio. Es\nuna gran noticia que abre el camino\nhacia un fondo universal de salud.<\/p>\n\n\n\n<p>El\nSeremi de Salud (S), Eduardo Castillo, explic\u00f3 que \u201ceste anuncio implica que no\nva habr\u00e1 un copago en todas las atenciones que se realicen dentro de la red\np\u00fablica. Lo que por un lado significa un beneficio econ\u00f3mico para las familias,\nque a nivel nacional representa aproximadamente $21 mil millones al a\u00f1o, que\nera lo que las familias aportaban en el costo. Y por otro lado, dentro de las\noportunidades de salud que tenemos, muchas personas retrasaban la atenci\u00f3n\nfrente a la dificultad de poder costear un 10% o un 20% en tratamientos caros.\nPor lo tanto, tambi\u00e9n contribuye a mejorar la cobertura de salud para la\nciudadan\u00eda\u201d.<\/p>\n\n\n\n<p>El\nobjetivo final es que el Estado pague el 100% de las prestaciones, lo que\nbeneficiar\u00e1 a casi seis millones de personas que se encuentran en estos tramos,\nconsiderando que m\u00e1s de 15.000.000 de personas pertenecen a Fonasa.<\/p>\n\n\n\n<p>El\nSeremi de Gobierno, Arturo D\u00edaz Valderrama, manifest\u00f3 su conformidad con la\nnoticia, relevando la importancia de la implementaci\u00f3n de esta pol\u00edtica\np\u00fablica, indicando que \u201cdurante el periodo de campa\u00f1a dijimos que la salud\np\u00fablica ten\u00eda que ser gratuita para todos los chilenos y chilenas y ahora como\ngobierno lo estamos cumpliendo. En relaci\u00f3n a los costos de estos, estamos\nhablando m\u00e1s de los beneficios. A las personas perteneciente a los grupos C y D\nahorrar\u00e1 un porcentaje considerable cuando tiene que someterse a un\nprocedimiento m\u00e9dico en la red p\u00fablica de salud, como el c\u00e1ncer, estudios de\nimagenolog\u00eda que son bastante caros y a partir del 1 de septiembre para toda la\nciudadan\u00eda que est\u00e9 inscrita en Fonasa el costo ser\u00e1 cero\u201d.<\/p>\n\n\n\n<p>El Director (s) del Servicio de Salud, Ricardo\nContreras Fa\u00fandez, indic\u00f3 que \u201cel anuncio que ha hecho el presidente de la\nRep\u00fablica es una medida hist\u00f3rica en salud que va en directo beneficio a las\npersonas. En nuestra regi\u00f3n m\u00e1s de 133 mil personas son beneficiarias del\nseguro p\u00fablico Fonasa, esta medida de gratuidad en los tramos C y D\ncorresponden a m\u00e1s del 40% de la poblaci\u00f3n beneficiaria de Fonasa, por lo tanto\nquedar\u00e1n exentos de copago en las prestaciones de la modalidad institucional de\nFonasa. Es una gran medida y una gran noticia para las personas dado que el\ntramo D deb\u00eda cancelar un copago de un 20%, aspecto del cual, a contar del 1 de\nseptiembre, queda comprendido en gratuidad, lo que viene a sumarse al tramo A y\nB que estaban en esta misma condici\u00f3n\u201d.<\/p>\n\n\n\n<p>El tramo C incluye a personas que perciben un\ningreso imponible mensual mayor a 380 mil pesos y menos o igual a 554 mil 880\npesos, que corresponde a un universo de m\u00e1s de dos millones de personas menores\nde 60 a\u00f1os, recordemos que el copago es gratuito ya sobre los 60 a\u00f1os para\ncualquier tramo. El \u00abD\u00bb se conforma con personas que perciben un\ningreso imponible mensual mayor a 554 mil 800 pesos. Y corresponde a un\nuniverso mayor a las 3 millones 334 mil personas.<\/p>\n\n\n\n<p>Como ejemplo, la Delegada Berm\u00fadez, explic\u00f3 que \u201cen\nun tratamiento oncol\u00f3gico cuyo valor bordea los $10 millones, la persona en\ntramo D tendr\u00eda que pagar $2millones, la persona en tramo C, hubiese tenido que\npagar $1 mill\u00f3n. Ese cobro ya no regir\u00eda para la persona, por lo tanto si tiene\nalg\u00fan problema grave de salud, no tendr\u00eda que tener la preocupaci\u00f3n de cu\u00e1nto\nes lo que tendr\u00e1 que pagar por ser Fonasa\u201d<\/p>\n\n\n\n<p>El beneficio&nbsp;se activar\u00e1\nautom\u00e1ticamente&nbsp;para todas las personas que pertenecen a Fonasa. No se\ndebe realizar ning\u00fan tr\u00e1mite asociado a la atenci\u00f3n de salud. <\/p>\n","protected":false},"excerpt":{"rendered":"<p>Luego del anuncio realizado ayer mi\u00e9rcoles por el&nbsp;Presidente de la Rep\u00fablica, Gabriel Boric Font, sobre&nbsp;el programa&nbsp;\u201cCopago Cero\u201d&nbsp;que consagra la gratuidad en la red p\u00fablica de salud para usuarios de FONASA&#8230; <a class=\"read-more\" href=\"https:\/\/www.radiopresidenteibanez.cl\/web\/mas-de-60-000-personas-en-la-region-se-veran-beneficiadas-en-magallanes-con-el-programa-copago-cero\/\">Leer m\u00e1s<\/a><\/p>\n","protected":false},"author":2,"featured_media":31547,"comment_status":"closed","ping_status":"closed","sticky":false,"template":"","format":"standard","meta":{"footnotes":""},"categories":[1],"tags":[],"class_list":["post-31546","post","type-post","status-publish","format-standard","has-post-thumbnail","hentry","category-cronica"],"_links":{"self":[{"href":"https:\/\/www.radiopresidenteibanez.cl\/web\/wp-json\/wp\/v2\/posts\/31546","targetHints":{"allow":["GET"]}}],"collection":[{"href":"https:\/\/www.radiopresidenteibanez.cl\/web\/wp-json\/wp\/v2\/posts"}],"about":[{"href":"https:\/\/www.radiopresidenteibanez.cl\/web\/wp-json\/wp\/v2\/types\/post"}],"author":[{"embeddable":true,"href":"https:\/\/www.radiopresidenteibanez.cl\/web\/wp-json\/wp\/v2\/users\/2"}],"replies":[{"embeddable":true,"href":"https:\/\/www.radiopresidenteibanez.cl\/web\/wp-json\/wp\/v2\/comments?post=31546"}],"version-history":[{"count":0,"href":"https:\/\/www.radiopresidenteibanez.cl\/web\/wp-json\/wp\/v2\/posts\/31546\/revisions"}],"wp:featuredmedia":[{"embeddable":true,"href":"https:\/\/www.radiopresidenteibanez.cl\/web\/wp-json\/wp\/v2\/media\/31547"}],"wp:attachment":[{"href":"https:\/\/www.radiopresidenteibanez.cl\/web\/wp-json\/wp\/v2\/media?parent=31546"}],"wp:term":[{"taxonomy":"category","embeddable":true,"href":"https:\/\/www.radiopresidenteibanez.cl\/web\/wp-json\/wp\/v2\/categories?post=31546"},{"taxonomy":"post_tag","embeddable":true,"href":"https:\/\/www.radiopresidenteibanez.cl\/web\/wp-json\/wp\/v2\/tags?post=31546"}],"curies":[{"name":"wp","href":"https:\/\/api.w.org\/{rel}","templated":true}]}}