{"id":31518,"date":"2022-07-28T08:28:40","date_gmt":"2022-07-28T11:28:40","guid":{"rendered":"https:\/\/www.radiopresidenteibanez.cl\/web\/?p=31518"},"modified":"2022-07-28T08:28:47","modified_gmt":"2022-07-28T11:28:47","slug":"clinica-imet-se-suma-a-campana-solidaria-en-favor-de-pacientes-oncologicos","status":"publish","type":"post","link":"https:\/\/www.radiopresidenteibanez.cl\/web\/clinica-imet-se-suma-a-campana-solidaria-en-favor-de-pacientes-oncologicos\/","title":{"rendered":"ClINICA IMET SE SUMA A CAMPA\u00d1A SOLIDARIA EN FAVOR DE PACIENTES ONCOLOGICOS"},"content":{"rendered":"\n<p>Con el prop\u00f3sito de respaldar la labor desarrollada por las Damas de Caf\u00e9, a trav\u00e9s del Club de Leones Mujer Austral, Cl\u00ednica Imet se adhiri\u00f3 a la Campa\u00f1a Una Tapita, Una Sonrisa con la instalaci\u00f3n de un coraz\u00f3n contenedor en sus edificio ubicado en Avenida Bulnes 04236 en Punta Arenas.<\/p>\n\n\n\n<p>As\u00ed lo destac\u00f3 Carolina Alvarado, Presidenta del Club de Leones Mujer Austral quien se\u00f1al\u00f3 que esta medida permite \u201cseguir contribuyendo a las Damas de Caf\u00e9 para que ellas puedan seguir ayudando a los ni\u00f1os y familias que sufren con el c\u00e1ncer y no cuentan con los recursos para solventar los tratamientos.\u201d<\/p>\n\n\n\n<p>Por su parte, Nicole Torres, Gerente General de Cl\u00ednica Imet indic\u00f3 que \u201cpara nosotros es un privilegio incorporarnos a esta campa\u00f1a y sumarnos a otras cuatro organizaciones que hoy apoyan esta iniciativa en Punta Arenas. Estamos seguros de que tanto nuestros trabajadores como pacientes se har\u00e1n parte de esta noble causa la que adem\u00e1s&nbsp;contribuye a tener un medio ambiente libre de contaminaci\u00f3n.\u201d<\/p>\n\n\n\n<p>La Campa\u00f1a Una Tapita, Una Sonrisa consiste en la recolecci\u00f3n de tapas de pl\u00e1stico duro las que son enviadas a Santiago para su reciclaje. Con los recursos obtenidos, las Damas de Caf\u00e9 financian la estad\u00eda de pacientes oncol\u00f3gicos en Santiago durante su periodo de tratamiento.<\/p>\n","protected":false},"excerpt":{"rendered":"<p>Con el prop\u00f3sito de respaldar la labor desarrollada por las Damas de Caf\u00e9, a trav\u00e9s del Club de Leones Mujer Austral, Cl\u00ednica Imet se adhiri\u00f3 a la Campa\u00f1a Una Tapita,&#8230; <a class=\"read-more\" href=\"https:\/\/www.radiopresidenteibanez.cl\/web\/clinica-imet-se-suma-a-campana-solidaria-en-favor-de-pacientes-oncologicos\/\">Leer m\u00e1s<\/a><\/p>\n","protected":false},"author":2,"featured_media":31519,"comment_status":"closed","ping_status":"closed","sticky":false,"template":"","format":"standard","meta":{"footnotes":""},"categories":[1],"tags":[],"class_list":["post-31518","post","type-post","status-publish","format-standard","has-post-thumbnail","hentry","category-cronica"],"_links":{"self":[{"href":"https:\/\/www.radiopresidenteibanez.cl\/web\/wp-json\/wp\/v2\/posts\/31518","targetHints":{"allow":["GET"]}}],"collection":[{"href":"https:\/\/www.radiopresidenteibanez.cl\/web\/wp-json\/wp\/v2\/posts"}],"about":[{"href":"https:\/\/www.radiopresidenteibanez.cl\/web\/wp-json\/wp\/v2\/types\/post"}],"author":[{"embeddable":true,"href":"https:\/\/www.radiopresidenteibanez.cl\/web\/wp-json\/wp\/v2\/users\/2"}],"replies":[{"embeddable":true,"href":"https:\/\/www.radiopresidenteibanez.cl\/web\/wp-json\/wp\/v2\/comments?post=31518"}],"version-history":[{"count":0,"href":"https:\/\/www.radiopresidenteibanez.cl\/web\/wp-json\/wp\/v2\/posts\/31518\/revisions"}],"wp:featuredmedia":[{"embeddable":true,"href":"https:\/\/www.radiopresidenteibanez.cl\/web\/wp-json\/wp\/v2\/media\/31519"}],"wp:attachment":[{"href":"https:\/\/www.radiopresidenteibanez.cl\/web\/wp-json\/wp\/v2\/media?parent=31518"}],"wp:term":[{"taxonomy":"category","embeddable":true,"href":"https:\/\/www.radiopresidenteibanez.cl\/web\/wp-json\/wp\/v2\/categories?post=31518"},{"taxonomy":"post_tag","embeddable":true,"href":"https:\/\/www.radiopresidenteibanez.cl\/web\/wp-json\/wp\/v2\/tags?post=31518"}],"curies":[{"name":"wp","href":"https:\/\/api.w.org\/{rel}","templated":true}]}}