{"id":31506,"date":"2022-07-27T15:25:53","date_gmt":"2022-07-27T18:25:53","guid":{"rendered":"https:\/\/www.radiopresidenteibanez.cl\/web\/?p=31506"},"modified":"2022-07-27T15:26:00","modified_gmt":"2022-07-27T18:26:00","slug":"300-deportistas-participaran-de-campeonato-regional-de-voleibol-organizado-por-el-municipio-de-punta-arenas","status":"publish","type":"post","link":"https:\/\/www.radiopresidenteibanez.cl\/web\/300-deportistas-participaran-de-campeonato-regional-de-voleibol-organizado-por-el-municipio-de-punta-arenas\/","title":{"rendered":"300 DEPORTISTAS PARTICI[PARAN DE CAMPEONATO REGIONAL DE VOLEIBOL ORGANIZADO POR EL MUNICIPIO DE PUNTA ARENAS"},"content":{"rendered":"\n<p>\n\nEste viernes, s\u00e1bado y domingo (29, 30 y 31 de julio), en el gimnasio Taiiu de Punta Arenas, se realizar\u00e1 el Campeonato Regional de Voleibol 6&#215;6 Todo Competidor, organizado desde el Municipio local.<br>El torneo, que tendr\u00e1 modalidad de eliminaci\u00f3n directa, contar\u00e1 con la participaci\u00f3n de 24 equipos, 12 de damas y 12 de varones, de los cuales en su mayor\u00eda pertenecen a la Asociaci\u00f3n de Voleibol de Punta Arenas, adem\u00e1s de un equipo de Puerto Natales y otro de Porvenir.<br>Adem\u00e1s, se contar\u00e1 con la participaci\u00f3n de dos equipos Sub 19, pertenecientes al Club Taiiu y al Club Esencias. En total, se trata de cerca de 300 deportistas.<br>La actividad se llevar\u00e1 a cabo el viernes 29 de julio, de 18:00 a 22:00 horas, el s\u00e1bado 30, de 9:00 a 21:00 horas, y el domingo 31, de 10:00 a 18:30 horas, finalizando con la ceremonia de premiaci\u00f3n.&nbsp;<\/p>\n\n\n\n<p><\/p>\n","protected":false},"excerpt":{"rendered":"<p>Este viernes, s\u00e1bado y domingo (29, 30 y 31 de julio), en el gimnasio Taiiu de Punta Arenas, se realizar\u00e1 el Campeonato Regional de Voleibol 6&#215;6 Todo Competidor, organizado desde&#8230; <a class=\"read-more\" href=\"https:\/\/www.radiopresidenteibanez.cl\/web\/300-deportistas-participaran-de-campeonato-regional-de-voleibol-organizado-por-el-municipio-de-punta-arenas\/\">Leer m\u00e1s<\/a><\/p>\n","protected":false},"author":2,"featured_media":31507,"comment_status":"closed","ping_status":"closed","sticky":false,"template":"","format":"standard","meta":{"footnotes":""},"categories":[1],"tags":[],"class_list":["post-31506","post","type-post","status-publish","format-standard","has-post-thumbnail","hentry","category-cronica"],"_links":{"self":[{"href":"https:\/\/www.radiopresidenteibanez.cl\/web\/wp-json\/wp\/v2\/posts\/31506","targetHints":{"allow":["GET"]}}],"collection":[{"href":"https:\/\/www.radiopresidenteibanez.cl\/web\/wp-json\/wp\/v2\/posts"}],"about":[{"href":"https:\/\/www.radiopresidenteibanez.cl\/web\/wp-json\/wp\/v2\/types\/post"}],"author":[{"embeddable":true,"href":"https:\/\/www.radiopresidenteibanez.cl\/web\/wp-json\/wp\/v2\/users\/2"}],"replies":[{"embeddable":true,"href":"https:\/\/www.radiopresidenteibanez.cl\/web\/wp-json\/wp\/v2\/comments?post=31506"}],"version-history":[{"count":0,"href":"https:\/\/www.radiopresidenteibanez.cl\/web\/wp-json\/wp\/v2\/posts\/31506\/revisions"}],"wp:featuredmedia":[{"embeddable":true,"href":"https:\/\/www.radiopresidenteibanez.cl\/web\/wp-json\/wp\/v2\/media\/31507"}],"wp:attachment":[{"href":"https:\/\/www.radiopresidenteibanez.cl\/web\/wp-json\/wp\/v2\/media?parent=31506"}],"wp:term":[{"taxonomy":"category","embeddable":true,"href":"https:\/\/www.radiopresidenteibanez.cl\/web\/wp-json\/wp\/v2\/categories?post=31506"},{"taxonomy":"post_tag","embeddable":true,"href":"https:\/\/www.radiopresidenteibanez.cl\/web\/wp-json\/wp\/v2\/tags?post=31506"}],"curies":[{"name":"wp","href":"https:\/\/api.w.org\/{rel}","templated":true}]}}