{"id":31488,"date":"2022-07-26T19:27:00","date_gmt":"2022-07-26T22:27:00","guid":{"rendered":"https:\/\/www.radiopresidenteibanez.cl\/web\/?p=31488"},"modified":"2022-07-26T15:59:07","modified_gmt":"2022-07-26T18:59:07","slug":"cartelera-cultural-pilar-delgado-y-cuarteto-de-cuerdas-se-presentaran-en-punta-arenas","status":"publish","type":"post","link":"https:\/\/www.radiopresidenteibanez.cl\/web\/cartelera-cultural-pilar-delgado-y-cuarteto-de-cuerdas-se-presentaran-en-punta-arenas\/","title":{"rendered":"Cartelera Cultural: Pilar Delgado y Cuarteto de Cuerdas se presentar\u00e1n en Punta Arenas"},"content":{"rendered":"\n<p>Este domingo (31 de julio), a las 18 horas, en el marco de la Cartelera Cultural del Municipio de Punta Arenas, la pianista magall\u00e1nica, Pilar Delgado, acompa\u00f1ada del Cuarteto de Cuerdas integrado por j\u00f3venes m\u00fasicos, llevar\u00e1n adelante un Concierto en el Teatro Municipal \u201cJos\u00e9 Bohr\u201d, donde presentar\u00e1n distintas piezas cl\u00e1sicas de compositores como Fr\u00e9d\u00e9ric Chopin, Joseph Maurice Ravel, Achille Claude Debussy, Johann Sebastian Bach y Wolfgang Amadeus Mozart.<br>Adem\u00e1s, desde este mi\u00e9rcoles, la comunidad podr\u00e1 acceder de manera abierta y gratuita a distintas clases dictadas por los m\u00fasicos integrantes del Cuarteto de Cuerdas, Nicol\u00e1s Anti\u00f1anco, Nastassja Dur\u00e1n, Manuel Bascu\u00f1\u00e1n y Cristian L\u00f3pez.<br>Las clases ser\u00e1n impartidas en el tercer piso del Teatro Municipal \u201cJos\u00e9 Bohr\u201d, en los siguientes d\u00edas y horarios: Mi\u00e9rcoles 27 de julio, de 17.30 a 19.30 horas, Clase de Viola a cargo de Manuel Bascu\u00f1\u00e1n; Jueves 28 de julio, de 15.30 a 17.30 horas, Clase de Viol\u00edn a cargo de Nicol\u00e1s Anti\u00f1anco; Jueves 28 de julio, de 17.45 a 19.30 horas, Clase de Violoncello, a cargo de Cristin L\u00f3pez; y el domingo 31 de julio, a las 14.30 horas, Clase abierta por parte de la pianista Pilar Delgado.\u00a0<br>Invitaciones<br>Para los interesados en asistir al Concierto que se realizar\u00e1 el domingo, deben retirar sus invitaciones el jueves 28, desde las 15 a las 17 horas, o hasta agotar stock, en Unimarc Sur y Teatro Municipal; o el viernes 29, desde las 16 a las 19 horas, o hasta agotar stock, en el Teatro Municipal.<br><\/p>\n","protected":false},"excerpt":{"rendered":"<p>Este domingo (31 de julio), a las 18 horas, en el marco de la Cartelera Cultural del Municipio de Punta Arenas, la pianista magall\u00e1nica, Pilar Delgado, acompa\u00f1ada del Cuarteto de&#8230; <a class=\"read-more\" href=\"https:\/\/www.radiopresidenteibanez.cl\/web\/cartelera-cultural-pilar-delgado-y-cuarteto-de-cuerdas-se-presentaran-en-punta-arenas\/\">Leer m\u00e1s<\/a><\/p>\n","protected":false},"author":2,"featured_media":31489,"comment_status":"closed","ping_status":"closed","sticky":false,"template":"","format":"standard","meta":{"footnotes":""},"categories":[1],"tags":[],"class_list":["post-31488","post","type-post","status-publish","format-standard","has-post-thumbnail","hentry","category-cronica"],"_links":{"self":[{"href":"https:\/\/www.radiopresidenteibanez.cl\/web\/wp-json\/wp\/v2\/posts\/31488","targetHints":{"allow":["GET"]}}],"collection":[{"href":"https:\/\/www.radiopresidenteibanez.cl\/web\/wp-json\/wp\/v2\/posts"}],"about":[{"href":"https:\/\/www.radiopresidenteibanez.cl\/web\/wp-json\/wp\/v2\/types\/post"}],"author":[{"embeddable":true,"href":"https:\/\/www.radiopresidenteibanez.cl\/web\/wp-json\/wp\/v2\/users\/2"}],"replies":[{"embeddable":true,"href":"https:\/\/www.radiopresidenteibanez.cl\/web\/wp-json\/wp\/v2\/comments?post=31488"}],"version-history":[{"count":0,"href":"https:\/\/www.radiopresidenteibanez.cl\/web\/wp-json\/wp\/v2\/posts\/31488\/revisions"}],"wp:featuredmedia":[{"embeddable":true,"href":"https:\/\/www.radiopresidenteibanez.cl\/web\/wp-json\/wp\/v2\/media\/31489"}],"wp:attachment":[{"href":"https:\/\/www.radiopresidenteibanez.cl\/web\/wp-json\/wp\/v2\/media?parent=31488"}],"wp:term":[{"taxonomy":"category","embeddable":true,"href":"https:\/\/www.radiopresidenteibanez.cl\/web\/wp-json\/wp\/v2\/categories?post=31488"},{"taxonomy":"post_tag","embeddable":true,"href":"https:\/\/www.radiopresidenteibanez.cl\/web\/wp-json\/wp\/v2\/tags?post=31488"}],"curies":[{"name":"wp","href":"https:\/\/api.w.org\/{rel}","templated":true}]}}