{"id":31395,"date":"2022-07-22T08:18:21","date_gmt":"2022-07-22T11:18:21","guid":{"rendered":"https:\/\/www.radiopresidenteibanez.cl\/web\/?p=31395"},"modified":"2022-07-22T08:18:29","modified_gmt":"2022-07-22T11:18:29","slug":"carabina-30-30-que-los-rebeldes-portaban-y-decian-los-maderistas-que-con-ellas-no-mataban-canta-quilapayun","status":"publish","type":"post","link":"https:\/\/www.radiopresidenteibanez.cl\/web\/carabina-30-30-que-los-rebeldes-portaban-y-decian-los-maderistas-que-con-ellas-no-mataban-canta-quilapayun\/","title":{"rendered":"\u00ab..Carabina 30-30 que los rebeldes portaban y dec\u00edan los maderistas que con ellas no mataban..\u00bb canta Quilapayun"},"content":{"rendered":"\n<p>\n\nSuman y siguen las consultas sobre diversos temas y ciertamente nos agrada mucho buscar elementos para responder a las mismas.<br>Por eso y antes del tema que presentaremos hoy, quiero agradecer a distintas personas en las inspecciones y la direcci\u00f3n del trabajo, as\u00ed como a los equipos jur\u00eddicos de dichas reparticiones, quienes nos est\u00e1n entregando leyes y dict\u00e1menes que nos permiten dar una respuesta clara y precisa a lo que se nos pregunta.<br>En esta ocasi\u00f3n se trata de la preocupaci\u00f3n de cajeras y cajeros de supermercados, restaurantes, fuentes de soda y similares, que trabajan recibiendo los importes por consumo que pagan los clientes. Ellos exponen que en caso de p\u00e9rdidas o faltantes se les notifica de que se les descontar\u00e1 el monto total en la pr\u00f3xima liquidaci\u00f3n de sueldos y preguntan si eso es as\u00ed de perentorio.<br>Al respecto tenemos la obligaci\u00f3n de decir a los trabajadores que \u00abel inciso 3\u00b0 del art\u00edculo 58 del C\u00f3digo del Trabajo, establece que el empleador s\u00f3lo puede deducir de las remuneraciones de los trabajadores, las sumas o porcentajes determinados destinados a efectuar pago de cualquier naturaleza, que hayan sido autorizados por escrito por el trabajador, descuentos que no pueden exceder del 15% de la remuneraci\u00f3n total del dependiente\u00bb.<br>O sea, si el trabajador tiene claro que la p\u00e9rdida o el faltante es de su responsabilidad y desea repararlo, debe llegar a un acuerdo con su empleador y suscribir un documento en donde se establece la deuda y el compromiso del trabajador de pagarla, teniendo claro que el monto a pagar mensualmente no debe exceder del 15% de su remuneraci\u00f3n mensual.<\/p>\n\n\n\n<p>Ahora bien, en muchos lugares donde hay organizaci\u00f3n sindical y contrato colectivo, es com\u00fan contar con un punto que se llama \u00abasignaci\u00f3n por p\u00e9rdida de caja\u00bb y que es aquella \u00absuma de dinero que se paga a los trabajadores que cumplen funciones de cajeros o que, con motivo de sus cargos, custodian dineros o valores, a fin de ponerlos a cubierto de las p\u00e9rdidas eventuales a que pueden verse expuestos\u00bb.<br>En este caso el empleador \u00abs\u00f3lo podr\u00e1 descontar de la se\u00f1alada asignaci\u00f3n montos por p\u00e9rdidas de dinero o valores hasta la concurrencia del monto de la asignaci\u00f3n por p\u00e9rdida de caja que ambas partes acordaron en el contrato, sin que sea procedente descontar de las remuneraciones del dependiente sumas adicionales en compensaci\u00f3n de tales p\u00e9rdidas, salvo que el trabajador, en cada caso, autorice por escrito el descuento y siempre sujeto al l\u00edmite establecido en el se\u00f1alado inciso 3\u00b0 del art\u00edculo 58, esto es, a un m\u00e1ximo del 15% de la remuneraci\u00f3n mensual\u00bb.<br>Por \u00faltimo, \u00abcabe tener presente que si el trabajador no recibe una asignaci\u00f3n de p\u00e9rdida de caja no podr\u00e1 realizarse el descuento del dinero faltante\u00bb, salvo que el trabajador lo autorice por escrito, como ya hemos expuesto anteriormente. <\/p>\n","protected":false},"excerpt":{"rendered":"<p>Suman y siguen las consultas sobre diversos temas y ciertamente nos agrada mucho buscar elementos para responder a las mismas.Por eso y antes del tema que presentaremos hoy, quiero agradecer&#8230; <a class=\"read-more\" href=\"https:\/\/www.radiopresidenteibanez.cl\/web\/carabina-30-30-que-los-rebeldes-portaban-y-decian-los-maderistas-que-con-ellas-no-mataban-canta-quilapayun\/\">Leer m\u00e1s<\/a><\/p>\n","protected":false},"author":2,"featured_media":31396,"comment_status":"closed","ping_status":"closed","sticky":false,"template":"","format":"standard","meta":{"footnotes":""},"categories":[1],"tags":[],"class_list":["post-31395","post","type-post","status-publish","format-standard","has-post-thumbnail","hentry","category-cronica"],"_links":{"self":[{"href":"https:\/\/www.radiopresidenteibanez.cl\/web\/wp-json\/wp\/v2\/posts\/31395","targetHints":{"allow":["GET"]}}],"collection":[{"href":"https:\/\/www.radiopresidenteibanez.cl\/web\/wp-json\/wp\/v2\/posts"}],"about":[{"href":"https:\/\/www.radiopresidenteibanez.cl\/web\/wp-json\/wp\/v2\/types\/post"}],"author":[{"embeddable":true,"href":"https:\/\/www.radiopresidenteibanez.cl\/web\/wp-json\/wp\/v2\/users\/2"}],"replies":[{"embeddable":true,"href":"https:\/\/www.radiopresidenteibanez.cl\/web\/wp-json\/wp\/v2\/comments?post=31395"}],"version-history":[{"count":0,"href":"https:\/\/www.radiopresidenteibanez.cl\/web\/wp-json\/wp\/v2\/posts\/31395\/revisions"}],"wp:featuredmedia":[{"embeddable":true,"href":"https:\/\/www.radiopresidenteibanez.cl\/web\/wp-json\/wp\/v2\/media\/31396"}],"wp:attachment":[{"href":"https:\/\/www.radiopresidenteibanez.cl\/web\/wp-json\/wp\/v2\/media?parent=31395"}],"wp:term":[{"taxonomy":"category","embeddable":true,"href":"https:\/\/www.radiopresidenteibanez.cl\/web\/wp-json\/wp\/v2\/categories?post=31395"},{"taxonomy":"post_tag","embeddable":true,"href":"https:\/\/www.radiopresidenteibanez.cl\/web\/wp-json\/wp\/v2\/tags?post=31395"}],"curies":[{"name":"wp","href":"https:\/\/api.w.org\/{rel}","templated":true}]}}