{"id":31392,"date":"2022-07-21T18:39:00","date_gmt":"2022-07-21T21:39:00","guid":{"rendered":"https:\/\/www.radiopresidenteibanez.cl\/web\/?p=31392"},"modified":"2022-07-21T16:20:07","modified_gmt":"2022-07-21T19:20:07","slug":"nutrida-agenda-de-actividades-completo-la-seremi-de-energia-junto-a-delegada-presidencial-de-la-provincia-antartica-y-municipio-de-cabo-de-hornos","status":"publish","type":"post","link":"https:\/\/www.radiopresidenteibanez.cl\/web\/nutrida-agenda-de-actividades-completo-la-seremi-de-energia-junto-a-delegada-presidencial-de-la-provincia-antartica-y-municipio-de-cabo-de-hornos\/","title":{"rendered":"Nutrida agenda de actividades complet\u00f3 la Seremi de Energ\u00eda junto a Delegada Presidencial de la Provincia Ant\u00e1rtica y Municipio de Cabo de Hornos"},"content":{"rendered":"\n<p>Una nutrida\nagenda de actividades desarroll\u00f3 la Seremi de Energ\u00eda de Magallanes, Mar\u00eda\nLuisa Ojeda en compa\u00f1\u00eda de Delegada Presidencial Presidencial de la Provincia Ant\u00e1rtica\nChilena, Mar\u00eda Luisa Mu\u00f1oz, al igual que con autoridades municipales de la\ncomuna de Cabo de Hornos. <\/p>\n\n\n\n<p>Las autoridades de Gobierno visitaron\nlas instalaciones del nuevo sistema de iluminaci\u00f3n eficiente a partir de luces\nLED que est\u00e1 operando en el Hospital Comunitario Cristina Calder\u00f3n, el cual fue\nbien evaluado luego de sus primeros meses de funcionamiento. <\/p>\n\n\n\n<p>El centro de salud se prepara para\nrecibir prontamente una planta fotovoltaica de 18 kW de potencia, que ser\u00e1\nimplementada a trav\u00e9s de proyecto financiado por el GORE, elaborado por la\nSeremi de Energ\u00eda, y ejecutado por la Agencia de Sostenibilidad Energ\u00e9tica.<\/p>\n\n\n\n<p>Asimismo, se reunieron en el terminal\npesquero de Puerto Williams en una charla informativa abierta a toda la\ncomunidad para intercambiar opiniones sobre temas energ\u00e9ticos locales, principalmente\nrelacionados con la energ\u00eda t\u00e9rmica demandada por la comuna.<\/p>\n\n\n\n<p>\u201cEncontr\u00e9 muy buena la actividad:\nsalieron muy buenas ideas con respecto a la calefacci\u00f3n y la energ\u00eda que se\nrequiere para Puerto Williams y vamos a estar muy atentos a los lineamientos\nque el Gobierno entregue al respecto\u201d, dijo el vecino de la ciudad, Luis\nInsulza luego de participar de la cita participativa. <\/p>\n\n\n\n<p>En la gira, la Seremi Ojeda y la\nDelegada Mu\u00f1oz visitaron el Centro Subant\u00e1rtico recorriendo sus dependencias\npara conocer el sistema fotovoltaico que provee energ\u00eda limpia para abastecer\nuna parte del requerimiento energ\u00e9tico del recinto cient\u00edfico y el sistema de\nclimatizaci\u00f3n a base de GLP, entre otros.<\/p>\n\n\n\n<p>Tambi\u00e9n conocieron los proyectos con energ\u00edas renovables que impulsa la Armada de\nChile en el Canal Beagle.<\/p>\n","protected":false},"excerpt":{"rendered":"<p>Una nutrida agenda de actividades desarroll\u00f3 la Seremi de Energ\u00eda de Magallanes, Mar\u00eda Luisa Ojeda en compa\u00f1\u00eda de Delegada Presidencial Presidencial de la Provincia Ant\u00e1rtica Chilena, Mar\u00eda Luisa Mu\u00f1oz, al&#8230; <a class=\"read-more\" href=\"https:\/\/www.radiopresidenteibanez.cl\/web\/nutrida-agenda-de-actividades-completo-la-seremi-de-energia-junto-a-delegada-presidencial-de-la-provincia-antartica-y-municipio-de-cabo-de-hornos\/\">Leer m\u00e1s<\/a><\/p>\n","protected":false},"author":2,"featured_media":31393,"comment_status":"closed","ping_status":"closed","sticky":false,"template":"","format":"standard","meta":{"footnotes":""},"categories":[1],"tags":[],"class_list":["post-31392","post","type-post","status-publish","format-standard","has-post-thumbnail","hentry","category-cronica"],"_links":{"self":[{"href":"https:\/\/www.radiopresidenteibanez.cl\/web\/wp-json\/wp\/v2\/posts\/31392","targetHints":{"allow":["GET"]}}],"collection":[{"href":"https:\/\/www.radiopresidenteibanez.cl\/web\/wp-json\/wp\/v2\/posts"}],"about":[{"href":"https:\/\/www.radiopresidenteibanez.cl\/web\/wp-json\/wp\/v2\/types\/post"}],"author":[{"embeddable":true,"href":"https:\/\/www.radiopresidenteibanez.cl\/web\/wp-json\/wp\/v2\/users\/2"}],"replies":[{"embeddable":true,"href":"https:\/\/www.radiopresidenteibanez.cl\/web\/wp-json\/wp\/v2\/comments?post=31392"}],"version-history":[{"count":0,"href":"https:\/\/www.radiopresidenteibanez.cl\/web\/wp-json\/wp\/v2\/posts\/31392\/revisions"}],"wp:featuredmedia":[{"embeddable":true,"href":"https:\/\/www.radiopresidenteibanez.cl\/web\/wp-json\/wp\/v2\/media\/31393"}],"wp:attachment":[{"href":"https:\/\/www.radiopresidenteibanez.cl\/web\/wp-json\/wp\/v2\/media?parent=31392"}],"wp:term":[{"taxonomy":"category","embeddable":true,"href":"https:\/\/www.radiopresidenteibanez.cl\/web\/wp-json\/wp\/v2\/categories?post=31392"},{"taxonomy":"post_tag","embeddable":true,"href":"https:\/\/www.radiopresidenteibanez.cl\/web\/wp-json\/wp\/v2\/tags?post=31392"}],"curies":[{"name":"wp","href":"https:\/\/api.w.org\/{rel}","templated":true}]}}