{"id":31389,"date":"2022-07-21T17:13:00","date_gmt":"2022-07-21T20:13:00","guid":{"rendered":"https:\/\/www.radiopresidenteibanez.cl\/web\/?p=31389"},"modified":"2022-07-21T16:08:53","modified_gmt":"2022-07-21T19:08:53","slug":"ministra-de-salud-begona-yarza-visita-casa-abierta-del-sindicato-de-trabajadores-de-enap-magallanes","status":"publish","type":"post","link":"https:\/\/www.radiopresidenteibanez.cl\/web\/ministra-de-salud-begona-yarza-visita-casa-abierta-del-sindicato-de-trabajadores-de-enap-magallanes\/","title":{"rendered":"Ministra de Salud Bego\u00f1a Yarza visita Casa Abierta del Sindicato de Trabajadores de Enap Magallanes"},"content":{"rendered":"\n<p>Hasta la Casa\nAbierta del sindicato de trabajadores Enap Magallanes, ubicada en armando\nSanhueza con Err\u00e1zuriz, lleg\u00f3 la ministra de Salud, Bego\u00f1a Yarza, en compa\u00f1\u00eda\nde su comitiva que encabezaba la delegada presidencial, Luz Berm\u00fadez, y el\nseremi de gobierno, Arturo D\u00edaz. En la posibilidad la autoridad nacional pudo\nconocer las dependencias del lugar del cual lo calific\u00f3 de maravilloso ya que\nes una casa que se abri\u00f3 a la comunidad para entregar beneficios, que en este\ncaso ha contribuido a miles de magall\u00e1nicos y magall\u00e1nicas para la cuarta dosis\nde vacunaci\u00f3n y adem\u00e1s contra la influenza. El flujo de personas que llegan\nhasta la casa abierta de 50 en promedio. <\/p>\n\n\n\n<p>El Presidente\ndel sindicato de trabajadores de Enap, Carlos Aro, destac\u00f3 el hecho que desde\nel d\u00eda de la inauguraci\u00f3n de la casa abierta fue entregada a la comunidad\nmagall\u00e1nica ya que al d\u00eda siguiente ya estaba instalada el servicio de salud\nentregado este beneficio, sobre todo a las personas mayores a quien se le hace\nm\u00e1s expedito el acceso. Una vez finalizando la etapa de vacunaci\u00f3n, la casa\nabierta quedar\u00e1 a disponibilidad de de diversas organizaciones civiles,\nfolcl\u00f3ricas, deportivas y del arte, ya que todo esto se canaliza a trav\u00e9s del\ndepartamento social del sindicato. <\/p>\n\n\n\n<p>Finalmente,\nla ministra de salud, Bego\u00f1a Yarza, agradeci\u00f3 la buena voluntad de los\ntrabajadores petroleros ya que siempre han estado comprometido con la comunidad\ny el desarrollo de Magallanes. \u201cEsto es un verdadero ejemplo que el trabajo en\nconjunto entre las organizaciones sociales y los trabajadores se pueden hacer\nlas cosas bien. Un ejemplo a seguir para otros sindicatos para realizar este\ntipo de acciones\u201d, finaliz\u00f3 diciendo la miembro del gabinete nacional. <\/p>\n","protected":false},"excerpt":{"rendered":"<p>Hasta la Casa Abierta del sindicato de trabajadores Enap Magallanes, ubicada en armando Sanhueza con Err\u00e1zuriz, lleg\u00f3 la ministra de Salud, Bego\u00f1a Yarza, en compa\u00f1\u00eda de su comitiva que encabezaba&#8230; <a class=\"read-more\" href=\"https:\/\/www.radiopresidenteibanez.cl\/web\/ministra-de-salud-begona-yarza-visita-casa-abierta-del-sindicato-de-trabajadores-de-enap-magallanes\/\">Leer m\u00e1s<\/a><\/p>\n","protected":false},"author":2,"featured_media":31390,"comment_status":"closed","ping_status":"closed","sticky":false,"template":"","format":"standard","meta":{"footnotes":""},"categories":[1],"tags":[],"class_list":["post-31389","post","type-post","status-publish","format-standard","has-post-thumbnail","hentry","category-cronica"],"_links":{"self":[{"href":"https:\/\/www.radiopresidenteibanez.cl\/web\/wp-json\/wp\/v2\/posts\/31389","targetHints":{"allow":["GET"]}}],"collection":[{"href":"https:\/\/www.radiopresidenteibanez.cl\/web\/wp-json\/wp\/v2\/posts"}],"about":[{"href":"https:\/\/www.radiopresidenteibanez.cl\/web\/wp-json\/wp\/v2\/types\/post"}],"author":[{"embeddable":true,"href":"https:\/\/www.radiopresidenteibanez.cl\/web\/wp-json\/wp\/v2\/users\/2"}],"replies":[{"embeddable":true,"href":"https:\/\/www.radiopresidenteibanez.cl\/web\/wp-json\/wp\/v2\/comments?post=31389"}],"version-history":[{"count":0,"href":"https:\/\/www.radiopresidenteibanez.cl\/web\/wp-json\/wp\/v2\/posts\/31389\/revisions"}],"wp:featuredmedia":[{"embeddable":true,"href":"https:\/\/www.radiopresidenteibanez.cl\/web\/wp-json\/wp\/v2\/media\/31390"}],"wp:attachment":[{"href":"https:\/\/www.radiopresidenteibanez.cl\/web\/wp-json\/wp\/v2\/media?parent=31389"}],"wp:term":[{"taxonomy":"category","embeddable":true,"href":"https:\/\/www.radiopresidenteibanez.cl\/web\/wp-json\/wp\/v2\/categories?post=31389"},{"taxonomy":"post_tag","embeddable":true,"href":"https:\/\/www.radiopresidenteibanez.cl\/web\/wp-json\/wp\/v2\/tags?post=31389"}],"curies":[{"name":"wp","href":"https:\/\/api.w.org\/{rel}","templated":true}]}}