{"id":3137,"date":"2019-04-08T13:43:43","date_gmt":"2019-04-08T13:43:43","guid":{"rendered":"http:\/\/www.radiopresidenteibanez.cl\/web\/?p=3137"},"modified":"2019-04-08T13:44:28","modified_gmt":"2019-04-08T13:44:28","slug":"proyecto-alumbrado-publico-en-avenida-colon-alcanza-un-40-por-ciento-de-avance","status":"publish","type":"post","link":"https:\/\/www.radiopresidenteibanez.cl\/web\/proyecto-alumbrado-publico-en-avenida-colon-alcanza-un-40-por-ciento-de-avance\/","title":{"rendered":"PROYECTO ALUMBRADO P\u00daBLICO EN AVENIDA COL\u00d3N ALCANZA UN 40 POR CIENTO DE AVANCE"},"content":{"rendered":"\n<p>Para el mes de septiembre pretenden concretar la recepci\u00f3n de las Obras por parte del Municipio, del proyecto denominado \u00abConstrucci\u00f3n Alumbrado P\u00fablico Avenida Crist\u00f3bal Col\u00f3n, Punta Arenas\u00bb, el cual contempla 47 luminarias LED y canalizaci\u00f3n subterr\u00e1nea desde calle Bories hasta Jos\u00e9 Ignacio Zenteno.<\/p>\n\n\n\n<p>La inversi\u00f3n total alcanza la suma de $89.847.975 los cuales son financiados a trav\u00e9s de los Fondos Regionales de Iniciativas Locales aprobados por el Consejo Regional, algo que el alcalde Claudio Radonich agradeci\u00f3 y resalt\u00f3.<\/p>\n\n\n\n<p>Actualmente, los trabajos presentan un 40% avance y consideran la instalaci\u00f3n de 47 luminarias tipo Led, las cuales se ubicar\u00e1n en los bandejones centrales de Avenida Crist\u00f3bal Col\u00f3n, entre calle Carlos Bories y Jos\u00e9 Ignacio Zenteno.<\/p>\n\n\n\n<p>Asimismo, de acuerdo a los antecedentes entregados por Alex Saldivia, director de Obras Municipales, \u201cla iniciativa agrega excavaciones en el sector, con el fin de realizar la canalizaci\u00f3n subterr\u00e1nea, el cableado del mismo, la instalaci\u00f3n de postes con sus luminarias y un poste para su empalme\u201d.<\/p>\n\n\n\n<p>\u201cEn este momento estamos en medio de la ejecuci\u00f3n del proyecto, cuyo monto de inversi\u00f3n es de casi 90 millones de pesos. Esto viene a complementar los dem\u00e1s proyectos que est\u00e1 desarrollando la Municipalidad, sobretodo en avenida Espa\u00f1a, donde pretendemos otorgar mayor luminosidad lo que a la vez conlleva mayor seguridad para los vecinos de la comuna\u201d, subray\u00f3 el director de Obras.<\/p>\n\n\n\n<p>La recepci\u00f3n de la Obra est\u00e1 pronosticada para el mes de septiembre de este a\u00f1o, y posteriormente, ya se est\u00e1 preparando un proyecto de mejora para todo el bandej\u00f3n central de avenida Col\u00f3n entre las mismas calles.<\/p>\n\n\n\n<figure class=\"wp-block-image\"><img loading=\"lazy\" decoding=\"async\" width=\"900\" height=\"445\" src=\"https:\/\/www.radiopresidenteibanez.cl\/web\/wp-content\/uploads\/2019\/04\/DSC_5591.jpg\" alt=\"\" class=\"wp-image-3138\" srcset=\"https:\/\/www.radiopresidenteibanez.cl\/web\/wp-content\/uploads\/2019\/04\/DSC_5591.jpg 900w, https:\/\/www.radiopresidenteibanez.cl\/web\/wp-content\/uploads\/2019\/04\/DSC_5591-300x148.jpg 300w, https:\/\/www.radiopresidenteibanez.cl\/web\/wp-content\/uploads\/2019\/04\/DSC_5591-768x380.jpg 768w\" sizes=\"auto, (max-width: 900px) 100vw, 900px\" \/><\/figure>\n","protected":false},"excerpt":{"rendered":"<p>Para el mes de septiembre pretenden concretar la recepci\u00f3n de las Obras por parte del Municipio, del proyecto denominado \u00abConstrucci\u00f3n Alumbrado P\u00fablico Avenida Crist\u00f3bal Col\u00f3n, Punta Arenas\u00bb, el cual contempla&#8230; <a class=\"read-more\" href=\"https:\/\/www.radiopresidenteibanez.cl\/web\/proyecto-alumbrado-publico-en-avenida-colon-alcanza-un-40-por-ciento-de-avance\/\">Leer m\u00e1s<\/a><\/p>\n","protected":false},"author":2,"featured_media":3138,"comment_status":"closed","ping_status":"closed","sticky":false,"template":"","format":"standard","meta":{"footnotes":""},"categories":[1],"tags":[],"class_list":["post-3137","post","type-post","status-publish","format-standard","has-post-thumbnail","hentry","category-cronica"],"_links":{"self":[{"href":"https:\/\/www.radiopresidenteibanez.cl\/web\/wp-json\/wp\/v2\/posts\/3137","targetHints":{"allow":["GET"]}}],"collection":[{"href":"https:\/\/www.radiopresidenteibanez.cl\/web\/wp-json\/wp\/v2\/posts"}],"about":[{"href":"https:\/\/www.radiopresidenteibanez.cl\/web\/wp-json\/wp\/v2\/types\/post"}],"author":[{"embeddable":true,"href":"https:\/\/www.radiopresidenteibanez.cl\/web\/wp-json\/wp\/v2\/users\/2"}],"replies":[{"embeddable":true,"href":"https:\/\/www.radiopresidenteibanez.cl\/web\/wp-json\/wp\/v2\/comments?post=3137"}],"version-history":[{"count":0,"href":"https:\/\/www.radiopresidenteibanez.cl\/web\/wp-json\/wp\/v2\/posts\/3137\/revisions"}],"wp:featuredmedia":[{"embeddable":true,"href":"https:\/\/www.radiopresidenteibanez.cl\/web\/wp-json\/wp\/v2\/media\/3138"}],"wp:attachment":[{"href":"https:\/\/www.radiopresidenteibanez.cl\/web\/wp-json\/wp\/v2\/media?parent=3137"}],"wp:term":[{"taxonomy":"category","embeddable":true,"href":"https:\/\/www.radiopresidenteibanez.cl\/web\/wp-json\/wp\/v2\/categories?post=3137"},{"taxonomy":"post_tag","embeddable":true,"href":"https:\/\/www.radiopresidenteibanez.cl\/web\/wp-json\/wp\/v2\/tags?post=3137"}],"curies":[{"name":"wp","href":"https:\/\/api.w.org\/{rel}","templated":true}]}}