{"id":31355,"date":"2022-07-20T15:53:27","date_gmt":"2022-07-20T18:53:27","guid":{"rendered":"https:\/\/www.radiopresidenteibanez.cl\/web\/?p=31355"},"modified":"2022-07-19T23:24:16","modified_gmt":"2022-07-20T02:24:16","slug":"equipos-tecnicos-del-ministerio-de-agricultura-de-magallanes-se-capacitaron-con-la-seremi-de-energia-sobre-hidrogeno-verde","status":"publish","type":"post","link":"https:\/\/www.radiopresidenteibanez.cl\/web\/equipos-tecnicos-del-ministerio-de-agricultura-de-magallanes-se-capacitaron-con-la-seremi-de-energia-sobre-hidrogeno-verde\/","title":{"rendered":"Equipos t\u00e9cnicos del Ministerio de Agricultura de Magallanes se capacitaron con la Seremi de Energ\u00eda sobre hidr\u00f3geno verde"},"content":{"rendered":"\n<p>\n\nEsta semana, la Seremi de Energ\u00eda de Magallanes, Mar\u00eda Luisa Ojeda, junto a su par de Agricultura, Irene Ram\u00edrez, encabezaron la charla para equipos t\u00e9cnicos del Agro sobre el contexto, conceptos y desarrollo de la industria del hidr\u00f3geno verde.<\/p>\n\n\n\n<p>El taller se enmarc\u00f3 en los avances que el mercado de este combustible est\u00e1 experimentando a nivel mundial, nacional y regional como respuesta a los efectos del cambio clim\u00e1tico y tambi\u00e9n en difusi\u00f3n sobre el tema que la Seremi del ramo est\u00e1 trabajando en colaboraci\u00f3n con diversos Servicios P\u00fablicos de la regi\u00f3n.<\/p>\n\n\n\n<p>Entre ellos, a los cuerpos t\u00e9cnicos de la Corporaci\u00f3n Nacional Forestal (CONAF), del Servicio Agr\u00edcola y Ganadero (SAG), de la Seremi de Agricultura, de la Coordinaci\u00f3n Regional de Riego, CNR, y la Fundaci\u00f3n de Innovaci\u00f3n Agraria, FIA, quienes participaron activamente en la jornada.<\/p>\n\n\n\n<p><strong>JORNADA PARTICIPATIVA<br><\/strong>Para estas entidades, la cita informativa fue muy necesaria a la luz de las proyecciones que est\u00e1 teniendo el hidr\u00f3geno verde y sus derivados en Magallanes.<\/p>\n\n\n\n<p>En la reuni\u00f3n los asistentes, profesionales y t\u00e9cnicos expusieron distintas inquietudes respecto de la necesidad de acompa\u00f1ar el proceso con una planificaci\u00f3n de escala regional, que aporte la visi\u00f3n de conjunto y prevenga conflictos futuros para los distintos \u00e1mbitos y actores, quedando en evidencia que se est\u00e1 ante un gran desaf\u00edo. Por otro lado, tambi\u00e9n se concluy\u00f3 en la oportunidad que la regi\u00f3n y pa\u00eds tienen para iniciar de buena forma esta transici\u00f3n.<\/p>\n\n\n\n<p>\u201cPor este motivo es por lo que estamos sosteniendo rondas informativas con todos los Servicios P\u00fablicos de la regi\u00f3n, para acercar la tem\u00e1tica del hidr\u00f3geno verde tanto en su dimensi\u00f3n particular como global. Asimismo, estamos dialogando sobre el rol que tendr\u00e1 Magallanes en este mercado junto a los impactos y los desaf\u00edos que debemos sortear tempranamente a nivel local para que esta industria crezca sana, fuerte, de la mano del mundo p\u00fablico, del sector privado y del acad\u00e9mico, de manera tal, que los beneficios que genere sean percibidos por totalidad de la comunidad magall\u00e1nica\u201d, plante\u00f3 la Seremi Mar\u00eda de Energ\u00eda, Luisa Ojeda.<\/p>\n\n\n\n<p>En este sentido, la titular regional de Agricultura, Irene Ram\u00edrez M\u00e9rida expres\u00f3 \u201cse nos presenta un desaf\u00edo muy importante, donde ser\u00e1 fundamental, para el \u00e9xito del proceso, saber conciliar la producci\u00f3n agropecuaria con la conservaci\u00f3n de recursos naturales presentes en el territorio donde se proyecta la industria de hidr\u00f3geno verde en Magallanes. Por ello estamos trabajando en diferentes instancias de capacitaci\u00f3n para el personal t\u00e9cnico del Ministerio de Agricultura, a fin de que puedan resguardar este objetivo\u201d, dijo.\u202f<\/p>\n\n\n\n<p>La autoridad regional del Agro agreg\u00f3 que la conversaci\u00f3n fue din\u00e1mica y resalt\u00f3 la gran oportunidad que representa para nuestra regi\u00f3n y el pa\u00eds.<br><\/p>\n","protected":false},"excerpt":{"rendered":"<p>Esta semana, la Seremi de Energ\u00eda de Magallanes, Mar\u00eda Luisa Ojeda, junto a su par de Agricultura, Irene Ram\u00edrez, encabezaron la charla para equipos t\u00e9cnicos del Agro sobre el contexto,&#8230; <a class=\"read-more\" href=\"https:\/\/www.radiopresidenteibanez.cl\/web\/equipos-tecnicos-del-ministerio-de-agricultura-de-magallanes-se-capacitaron-con-la-seremi-de-energia-sobre-hidrogeno-verde\/\">Leer m\u00e1s<\/a><\/p>\n","protected":false},"author":2,"featured_media":31356,"comment_status":"closed","ping_status":"closed","sticky":false,"template":"","format":"standard","meta":{"footnotes":""},"categories":[1],"tags":[],"class_list":["post-31355","post","type-post","status-publish","format-standard","has-post-thumbnail","hentry","category-cronica"],"_links":{"self":[{"href":"https:\/\/www.radiopresidenteibanez.cl\/web\/wp-json\/wp\/v2\/posts\/31355","targetHints":{"allow":["GET"]}}],"collection":[{"href":"https:\/\/www.radiopresidenteibanez.cl\/web\/wp-json\/wp\/v2\/posts"}],"about":[{"href":"https:\/\/www.radiopresidenteibanez.cl\/web\/wp-json\/wp\/v2\/types\/post"}],"author":[{"embeddable":true,"href":"https:\/\/www.radiopresidenteibanez.cl\/web\/wp-json\/wp\/v2\/users\/2"}],"replies":[{"embeddable":true,"href":"https:\/\/www.radiopresidenteibanez.cl\/web\/wp-json\/wp\/v2\/comments?post=31355"}],"version-history":[{"count":0,"href":"https:\/\/www.radiopresidenteibanez.cl\/web\/wp-json\/wp\/v2\/posts\/31355\/revisions"}],"wp:featuredmedia":[{"embeddable":true,"href":"https:\/\/www.radiopresidenteibanez.cl\/web\/wp-json\/wp\/v2\/media\/31356"}],"wp:attachment":[{"href":"https:\/\/www.radiopresidenteibanez.cl\/web\/wp-json\/wp\/v2\/media?parent=31355"}],"wp:term":[{"taxonomy":"category","embeddable":true,"href":"https:\/\/www.radiopresidenteibanez.cl\/web\/wp-json\/wp\/v2\/categories?post=31355"},{"taxonomy":"post_tag","embeddable":true,"href":"https:\/\/www.radiopresidenteibanez.cl\/web\/wp-json\/wp\/v2\/tags?post=31355"}],"curies":[{"name":"wp","href":"https:\/\/api.w.org\/{rel}","templated":true}]}}