{"id":31346,"date":"2022-07-20T11:32:52","date_gmt":"2022-07-20T14:32:52","guid":{"rendered":"https:\/\/www.radiopresidenteibanez.cl\/web\/?p=31346"},"modified":"2022-07-19T22:37:39","modified_gmt":"2022-07-20T01:37:39","slug":"seremi-de-gobierno-presenta-su-apoyo-a-la-recien-asumida-directiva-de-la-federacion-de-estudiantes-de-la-umag","status":"publish","type":"post","link":"https:\/\/www.radiopresidenteibanez.cl\/web\/seremi-de-gobierno-presenta-su-apoyo-a-la-recien-asumida-directiva-de-la-federacion-de-estudiantes-de-la-umag\/","title":{"rendered":"Seremi de Gobierno presenta su  apoyo a la reci\u00e9n asumida directiva de la Federaci\u00f3n  de Estudiantes de la UMAG"},"content":{"rendered":"\n<p>Como una manera\nde buscar apoyos en distintas instituciones regionales, la reciente asumida\nMesa Directiva de la Federaci\u00f3n de Estudiantes de la Universidad de Magallanes\n(FEUM), encabezada por su presidente, el estudiante de derecho, Nicol\u00e1s Vera\nDos Santos, se reuni\u00f3 con el seremi de Gobierno, Arturo D\u00edaz Valderrama. <\/p>\n\n\n\n<p>Despu\u00e9s de\nfelicitarlos por obtener el triunfo en una elecci\u00f3n democr\u00e1tica que principalmente\npor temas de pandemia, no se realizaba desde el 2019, el vocero de Gobierno les\npresent\u00f3 todo su apoyo para que puedan concretar aquellos objetivos y metas que\nse han propuesto como directiva, en respuesta a las necesidades de los\nestudiantes de dicha casa de estudio. <\/p>\n\n\n\n<p>El Seremi de\nGobierno explic\u00f3 que en la reuni\u00f3n, la directiva de la FEUM present\u00f3 la actual\nrealidad en que se encuentran los estudiantes de la universidad regional, y los\ndesaf\u00edos que se han propuesto como representantes de dicho conglomerado. \u201cM\u00e1s\nque solicitudes, nos dieron a conocer la realidad&nbsp; del movimiento estudiantil dentro de la\nUniversidad de Magallanes y asumimos el compromiso de trabajar mancomunadamente\ndentro de las competencia de cada uno para el engrandecimiento de la\nUniversidad de Magallanes\u201d, seremi de Gobierno, Arturo D\u00edaz<\/p>\n\n\n\n<p>Nicol\u00e1s Vera,\npresidente de la Federaci\u00f3n, recalc\u00f3: \u201cNosotros queremos ser un nexo entre los compa\u00f1eros\ny las autoridades de nuestra universidad. Nuestro principal inter\u00e9s es escuchar\nlas necesidades de nuestros compa\u00f1eros y compa\u00f1eros, &nbsp;y tratar de gestionar o ayudar en lo que este\na nuestro alcance como mesa ejecutiva de la universidad \u201c. &nbsp;<\/p>\n\n\n\n<p>Finalmente el\nseremi de Gobierno record\u00f3 la importancia de la formaci\u00f3n y correcto\nfuncionamiento de todo tipo de asociaciones sociales para fortalecer la\ndemocracia. Record\u00f3 que&nbsp; el\nMinisterio&nbsp; Secretaria General de\nGobierno,&nbsp; a trav\u00e9s de su Divisi\u00f3n de\nOrganizaciones Sociales, siempre tiene las puertas abiertas para recibir y\nfortalecer a \u00e9stas, siendo un puente entre el Gobierno y la sociedad civil. <\/p>\n","protected":false},"excerpt":{"rendered":"<p>Como una manera de buscar apoyos en distintas instituciones regionales, la reciente asumida Mesa Directiva de la Federaci\u00f3n de Estudiantes de la Universidad de Magallanes (FEUM), encabezada por su presidente,&#8230; <a class=\"read-more\" href=\"https:\/\/www.radiopresidenteibanez.cl\/web\/seremi-de-gobierno-presenta-su-apoyo-a-la-recien-asumida-directiva-de-la-federacion-de-estudiantes-de-la-umag\/\">Leer m\u00e1s<\/a><\/p>\n","protected":false},"author":2,"featured_media":31347,"comment_status":"closed","ping_status":"closed","sticky":false,"template":"","format":"standard","meta":{"footnotes":""},"categories":[1],"tags":[],"class_list":["post-31346","post","type-post","status-publish","format-standard","has-post-thumbnail","hentry","category-cronica"],"_links":{"self":[{"href":"https:\/\/www.radiopresidenteibanez.cl\/web\/wp-json\/wp\/v2\/posts\/31346","targetHints":{"allow":["GET"]}}],"collection":[{"href":"https:\/\/www.radiopresidenteibanez.cl\/web\/wp-json\/wp\/v2\/posts"}],"about":[{"href":"https:\/\/www.radiopresidenteibanez.cl\/web\/wp-json\/wp\/v2\/types\/post"}],"author":[{"embeddable":true,"href":"https:\/\/www.radiopresidenteibanez.cl\/web\/wp-json\/wp\/v2\/users\/2"}],"replies":[{"embeddable":true,"href":"https:\/\/www.radiopresidenteibanez.cl\/web\/wp-json\/wp\/v2\/comments?post=31346"}],"version-history":[{"count":0,"href":"https:\/\/www.radiopresidenteibanez.cl\/web\/wp-json\/wp\/v2\/posts\/31346\/revisions"}],"wp:featuredmedia":[{"embeddable":true,"href":"https:\/\/www.radiopresidenteibanez.cl\/web\/wp-json\/wp\/v2\/media\/31347"}],"wp:attachment":[{"href":"https:\/\/www.radiopresidenteibanez.cl\/web\/wp-json\/wp\/v2\/media?parent=31346"}],"wp:term":[{"taxonomy":"category","embeddable":true,"href":"https:\/\/www.radiopresidenteibanez.cl\/web\/wp-json\/wp\/v2\/categories?post=31346"},{"taxonomy":"post_tag","embeddable":true,"href":"https:\/\/www.radiopresidenteibanez.cl\/web\/wp-json\/wp\/v2\/tags?post=31346"}],"curies":[{"name":"wp","href":"https:\/\/api.w.org\/{rel}","templated":true}]}}