{"id":31343,"date":"2022-07-20T10:37:00","date_gmt":"2022-07-20T13:37:00","guid":{"rendered":"https:\/\/www.radiopresidenteibanez.cl\/web\/?p=31343"},"modified":"2022-07-19T22:15:34","modified_gmt":"2022-07-20T01:15:34","slug":"punto-de-vacunacion-es-visitado-por-ministra-de-salud-destacando-inoculacion-de-jovenes-con-4ta-dosis","status":"publish","type":"post","link":"https:\/\/www.radiopresidenteibanez.cl\/web\/punto-de-vacunacion-es-visitado-por-ministra-de-salud-destacando-inoculacion-de-jovenes-con-4ta-dosis\/","title":{"rendered":"PUNTO DE VACUNACION ES VISITADO POR MINISTRA DE SALUD, DESTACANDO INOCULACI\u00d3N DE JOVENES CON 4TA DOSIS"},"content":{"rendered":"\n<p>Un\nrecorrido por uno de los puntos de vacunaci\u00f3n de Punta Arenas realiz\u00f3 la\nMinistra de Salud, Dra. Mar\u00eda Bego\u00f1a Yarza, durante su primera visita a la\nciudad como titular de salud. <\/p>\n\n\n\n<p>En\nla oportunidad, la primera autoridad visit\u00f3 el Centro Comunitario del Sindicato\nde Trabajadores de Enap (Armando Sanhueza N\u00b01198) y\ncomparti\u00f3 con un grupo de j\u00f3venes conscriptos del Regimiento Pudeto y personal\nde Gendarmer\u00eda de Chile que concurrieron a recibir su cuarta dosis. <\/p>\n\n\n\n<p>La\nMinistra Yarza dialog\u00f3 con ellos, consult\u00e1ndoles sobre cu\u00e1les son las\nprincipales barreras que existen para que los j\u00f3venes concurran a protegerse\ncontra el coronavirus. Incredulidad frente al Covid-19 y miedo a las vacunas\nfueron algunos de los argumentos presentados por ellos, ante lo cual la\nMinistra los invit\u00f3 a ser replicadores de la importancia de este proceso ahora\nque han recibido esta dosis de protecci\u00f3n.<\/p>\n\n\n\n<p>La\nDra. Bego\u00f1a Yarza tambi\u00e9n comparti\u00f3 con los equipos de vacunaci\u00f3n y con la\ncoordinadora regional de la Campa\u00f1a de la Seremi, Janet Vrsalovic, con quien abord\u00f3\nlas diversas estrategias que se han desarrollado a nivel regional para difundir\ne incentivar el proceso de vacunaci\u00f3n.<\/p>\n\n\n\n<p>Esta\nvisita cont\u00f3 con la presencia de la Delegada Regional Presidencial, Luz\nBerm\u00fadez, el Seremi de Gobierno Arturo D\u00edaz, la SEREMI de Salud, Francisca\nSanfuentes, el Director del Servicio de Salud de Magallanes, Ricardo Contreras,\ny el presidente del Sindicato de Trabajadores de Enap, Carlos Aro, junto a su\ndirectiva.<\/p>\n\n\n\n<p>La\nSEREMI Francisca Sanfuentes agradeci\u00f3 a los dirigentes de Enap todas las\nfacilidades que han entregado a la SEREMI para mantener este importante punto\nde vacunaci\u00f3n como es el Centro Comunitario.<\/p>\n\n\n\n<p>La\nenfermera Janet Vrsalovic se refiri\u00f3 al proceso de vacunaci\u00f3n, manifestando que\nla visita de la Ministra es un incentivo para los equipos como para la\ncomunidad para que sigamos adelante. \u201cHay que recordar que ya tenemos con la\ntercera dosis de refuerzo sobre un 90% de cobertura y con la cuarta, si bien es\ncierto vamos un poco m\u00e1s lento, estamos casi en un 70% de vacunados.&nbsp; Tenemos un mayor n\u00famero de rezagados en ni\u00f1os\ny ni\u00f1as de 12 a 17 a\u00f1os con un 30% y los j\u00f3venes de 18 a 29 a\u00f1os, con un 25%\u201d.<\/p>\n\n\n\n<p>Cabe\nse\u00f1alar que se considera poblaci\u00f3n rezagada a las \u201cpersonas que\nrecibieron dosis \u00fanica,&nbsp;2a dosis&nbsp;o refuerzo hace m\u00e1s de 180 d\u00edas\u201d. A nivel\nregional, esta cifra es del orden del 18%, es decir, alrededor de 30 mil\npersonas.<\/p>\n\n\n\n<p>Janet Vrsalovic explic\u00f3 que\ndesde esta semana en el Centro Comunitario del sindicato de trabajadores de\nEnap tambi\u00e9n se ampliar\u00e1 la vacunaci\u00f3n a Covid19 ya que antes estaba destinada\nexclusivamente a Campa\u00f1a Anti-Influenza y mayores de 65 a\u00f1os <\/p>\n","protected":false},"excerpt":{"rendered":"<p>Un recorrido por uno de los puntos de vacunaci\u00f3n de Punta Arenas realiz\u00f3 la Ministra de Salud, Dra. Mar\u00eda Bego\u00f1a Yarza, durante su primera visita a la ciudad como titular&#8230; <a class=\"read-more\" href=\"https:\/\/www.radiopresidenteibanez.cl\/web\/punto-de-vacunacion-es-visitado-por-ministra-de-salud-destacando-inoculacion-de-jovenes-con-4ta-dosis\/\">Leer m\u00e1s<\/a><\/p>\n","protected":false},"author":2,"featured_media":31344,"comment_status":"closed","ping_status":"closed","sticky":false,"template":"","format":"standard","meta":{"footnotes":""},"categories":[1],"tags":[],"class_list":["post-31343","post","type-post","status-publish","format-standard","has-post-thumbnail","hentry","category-cronica"],"_links":{"self":[{"href":"https:\/\/www.radiopresidenteibanez.cl\/web\/wp-json\/wp\/v2\/posts\/31343","targetHints":{"allow":["GET"]}}],"collection":[{"href":"https:\/\/www.radiopresidenteibanez.cl\/web\/wp-json\/wp\/v2\/posts"}],"about":[{"href":"https:\/\/www.radiopresidenteibanez.cl\/web\/wp-json\/wp\/v2\/types\/post"}],"author":[{"embeddable":true,"href":"https:\/\/www.radiopresidenteibanez.cl\/web\/wp-json\/wp\/v2\/users\/2"}],"replies":[{"embeddable":true,"href":"https:\/\/www.radiopresidenteibanez.cl\/web\/wp-json\/wp\/v2\/comments?post=31343"}],"version-history":[{"count":0,"href":"https:\/\/www.radiopresidenteibanez.cl\/web\/wp-json\/wp\/v2\/posts\/31343\/revisions"}],"wp:featuredmedia":[{"embeddable":true,"href":"https:\/\/www.radiopresidenteibanez.cl\/web\/wp-json\/wp\/v2\/media\/31344"}],"wp:attachment":[{"href":"https:\/\/www.radiopresidenteibanez.cl\/web\/wp-json\/wp\/v2\/media?parent=31343"}],"wp:term":[{"taxonomy":"category","embeddable":true,"href":"https:\/\/www.radiopresidenteibanez.cl\/web\/wp-json\/wp\/v2\/categories?post=31343"},{"taxonomy":"post_tag","embeddable":true,"href":"https:\/\/www.radiopresidenteibanez.cl\/web\/wp-json\/wp\/v2\/tags?post=31343"}],"curies":[{"name":"wp","href":"https:\/\/api.w.org\/{rel}","templated":true}]}}