{"id":3134,"date":"2019-04-08T13:38:54","date_gmt":"2019-04-08T13:38:54","guid":{"rendered":"http:\/\/www.radiopresidenteibanez.cl\/web\/?p=3134"},"modified":"2019-04-08T19:52:11","modified_gmt":"2019-04-08T19:52:11","slug":"organizaciones-sociales-aun-pueden-postular-al-fondo-de-fortalecimiento-de-la-segegob","status":"publish","type":"post","link":"https:\/\/www.radiopresidenteibanez.cl\/web\/organizaciones-sociales-aun-pueden-postular-al-fondo-de-fortalecimiento-de-la-segegob\/","title":{"rendered":"ORGANIZACIONES SOCIALES AUN PUEDEN POSTULAR AL FONDO DE FORTALECIMIENTO DE LA SEGEGOB"},"content":{"rendered":"\n<p>La serem\u00eda de Gobierno informa que los plazos de postulaci\u00f3n para\npresentar los proyectos del Fondo de Fortalecimiento de Organizaciones de\nInter\u00e9s P\u00fablico 2019 (FFOIP), que entrega el Ministerio Secretar\u00eda General de\nGobierno, se extendieron hasta el 18 de abril.<\/p>\n\n\n\n<p>La seremi de Gobierno, Alejandra Mu\u00f1oz, se\u00f1al\u00f3 que las organizaciones de inter\u00e9s p\u00fablico podr\u00e1n presentar sus proyectos en la oficina ubicada en Plaza Mu\u00f1oz Gamero N\u00b01028 (2\u00b0 piso edificio de la Intendencia) hasta las 13 horas de este viernes 12 de abril, mientras que \u00a0las postulaciones online las podr\u00e1n realizar hasta las 23:59 horas del jueves 18 de abril.<\/p>\n\n\n\n<p>\u201cHe visto con gran satisfacci\u00f3n como se han ejecutado las iniciativas\n2018 y da gusto ver el compromiso de los dirigentes y sus asociados con los proyectos.\nEsto les ayuda a fortalecer sus organizaciones, por eso la invitaci\u00f3n es a que\ntodas las organizaciones sociales de inter\u00e9s p\u00fablico de la regi\u00f3n se motiven y\nparticipen de este Fondo Concursable de nuestro ministerio\u201d, sostuvo la seremi\nMu\u00f1oz.<\/p>\n\n\n\n<p>Para este a\u00f1o hay a disposici\u00f3n de las organizaciones de inter\u00e9s p\u00fablico de la regi\u00f3n $49.789.920.<\/p>\n\n\n\n<figure class=\"wp-block-image\"><img loading=\"lazy\" decoding=\"async\" width=\"1024\" height=\"683\" src=\"https:\/\/www.radiopresidenteibanez.cl\/web\/wp-content\/uploads\/2019\/04\/IMG_9652-1024x683.jpg\" alt=\"\" class=\"wp-image-3135\" srcset=\"https:\/\/www.radiopresidenteibanez.cl\/web\/wp-content\/uploads\/2019\/04\/IMG_9652.jpg 1024w, https:\/\/www.radiopresidenteibanez.cl\/web\/wp-content\/uploads\/2019\/04\/IMG_9652-300x200.jpg 300w, https:\/\/www.radiopresidenteibanez.cl\/web\/wp-content\/uploads\/2019\/04\/IMG_9652-768x512.jpg 768w\" sizes=\"auto, (max-width: 1024px) 100vw, 1024px\" \/><\/figure>\n","protected":false},"excerpt":{"rendered":"<p>La serem\u00eda de Gobierno informa que los plazos de postulaci\u00f3n para presentar los proyectos del Fondo de Fortalecimiento de Organizaciones de Inter\u00e9s P\u00fablico 2019 (FFOIP), que entrega el Ministerio Secretar\u00eda&#8230; <a class=\"read-more\" href=\"https:\/\/www.radiopresidenteibanez.cl\/web\/organizaciones-sociales-aun-pueden-postular-al-fondo-de-fortalecimiento-de-la-segegob\/\">Leer m\u00e1s<\/a><\/p>\n","protected":false},"author":2,"featured_media":3135,"comment_status":"closed","ping_status":"closed","sticky":false,"template":"","format":"standard","meta":{"footnotes":""},"categories":[1],"tags":[],"class_list":["post-3134","post","type-post","status-publish","format-standard","has-post-thumbnail","hentry","category-cronica"],"_links":{"self":[{"href":"https:\/\/www.radiopresidenteibanez.cl\/web\/wp-json\/wp\/v2\/posts\/3134","targetHints":{"allow":["GET"]}}],"collection":[{"href":"https:\/\/www.radiopresidenteibanez.cl\/web\/wp-json\/wp\/v2\/posts"}],"about":[{"href":"https:\/\/www.radiopresidenteibanez.cl\/web\/wp-json\/wp\/v2\/types\/post"}],"author":[{"embeddable":true,"href":"https:\/\/www.radiopresidenteibanez.cl\/web\/wp-json\/wp\/v2\/users\/2"}],"replies":[{"embeddable":true,"href":"https:\/\/www.radiopresidenteibanez.cl\/web\/wp-json\/wp\/v2\/comments?post=3134"}],"version-history":[{"count":0,"href":"https:\/\/www.radiopresidenteibanez.cl\/web\/wp-json\/wp\/v2\/posts\/3134\/revisions"}],"wp:featuredmedia":[{"embeddable":true,"href":"https:\/\/www.radiopresidenteibanez.cl\/web\/wp-json\/wp\/v2\/media\/3135"}],"wp:attachment":[{"href":"https:\/\/www.radiopresidenteibanez.cl\/web\/wp-json\/wp\/v2\/media?parent=3134"}],"wp:term":[{"taxonomy":"category","embeddable":true,"href":"https:\/\/www.radiopresidenteibanez.cl\/web\/wp-json\/wp\/v2\/categories?post=3134"},{"taxonomy":"post_tag","embeddable":true,"href":"https:\/\/www.radiopresidenteibanez.cl\/web\/wp-json\/wp\/v2\/tags?post=3134"}],"curies":[{"name":"wp","href":"https:\/\/api.w.org\/{rel}","templated":true}]}}