{"id":31337,"date":"2022-07-20T08:38:00","date_gmt":"2022-07-20T11:38:00","guid":{"rendered":"https:\/\/www.radiopresidenteibanez.cl\/web\/?p=31337"},"modified":"2022-07-19T21:45:44","modified_gmt":"2022-07-20T00:45:44","slug":"charla-sobre-derechos-laborales-en-la-nueva-constitucion-realizo-este-lunes-anef-magallanes","status":"publish","type":"post","link":"https:\/\/www.radiopresidenteibanez.cl\/web\/charla-sobre-derechos-laborales-en-la-nueva-constitucion-realizo-este-lunes-anef-magallanes\/","title":{"rendered":"CHARLA SOBRE DERECHOS LABORALES EN LA NUEVA CONSTITUCI\u00d3N REALIZ\u00d3 ESTE LUNES ANEF MAGALLANES"},"content":{"rendered":"\n<p>Este lunes en las dependencias de Anef Magallanes se llev\u00f3 a cabo la\ncharla denominada \u201cDerechos Laborales en la Nueva Constituci\u00f3n\u201d la cual estuvo\ndirigida a trabajadoras y trabajadores p\u00fablicos.<\/p>\n\n\n\n<p>La actividad tuvo como relatora a la ex constituyente Elisa\nGiustinianovic qui\u00e9n comenz\u00f3 su exposici\u00f3n&nbsp;\ndando a conocer los avances y retrocesos en derechos laborales que ha\ntenido nuestro pa\u00eds y a la vez se\u00f1alando las principales reformas realizadas\ndurante el periodo de 1936 y 1948. <\/p>\n\n\n\n<p>Al respecto la ex constituyente se\u00f1alo: \u201dtenemos avances muy\nsignificativos en materias de derechos laborales que han incorporado la\npropuesta de la nueva constituci\u00f3n es importante de darle una difusi\u00f3n amplia a\ntodo el sector de trabajadoras y trabajadores e incluso a toda la\npoblaci\u00f3n&nbsp; por ah\u00ed innovaciones muy\nimportante, como por ejemplo el reconocimiento al trabajo dom\u00e9stico y de\ncuidados, es por eso que toma mucha importancia el poder impulsar este tipo de\nactividades, un agradecimiento a la Anef a su presidenta porque efectivamente\nnecesitamos replicar este tipo de actividades para que pueda divulgarse y\ndifundirse ampliamente todo el contenido que est\u00e1 presente en la nueva\npropuesta de constituci\u00f3n\u201d.<\/p>\n\n\n\n<p>Por su parte la presidenta de Anef Magallanes, Evelyn C\u00f3rdova,\ndestac\u00f3 el trabajo de la ex constituyente y espera hacer m\u00e1s actividades como\nestas para que las personas y sobretodo los trabajadores y trabajadoras voten\ninformados \u201ceste es el primero de 4 charlas que queremos hacer como Anef para\nque nuestros funcionarios p\u00fablicos puedan conocer, conversar, discutir y\nreflexionar en torno al texto para votar informado el pr\u00f3ximo 4 de septiembre\nen el plebiscito de salida. Agradezco la gentileza de Elisa y de la\ncoordinadora Magallanes puesto que su presentaci\u00f3n de hoy sobre los derechos\nlaborales en la nueva constituci\u00f3n fue muy ilustrativa\u201d.<\/p>\n\n\n\n<p>El s\u00e1bado 30 de julio se pretende hacer un nuevo encuentro para que\nas\u00ed los funcionarios p\u00fablicos que no pudieron participar por estar trabajando,\ntengan la posibilidad de conocer los avances en materia laboral que tiene esta\npropuesta.<\/p>\n\n\n\n<p>Como Anef Magallanes debemos seguir aportando y fortaleciendo cada\nespacio de trabajo y movilizaci\u00f3n que nos permita un mejor Chile para todos y\ntodas.<\/p>\n","protected":false},"excerpt":{"rendered":"<p>Este lunes en las dependencias de Anef Magallanes se llev\u00f3 a cabo la charla denominada \u201cDerechos Laborales en la Nueva Constituci\u00f3n\u201d la cual estuvo dirigida a trabajadoras y trabajadores p\u00fablicos&#8230;. <a class=\"read-more\" href=\"https:\/\/www.radiopresidenteibanez.cl\/web\/charla-sobre-derechos-laborales-en-la-nueva-constitucion-realizo-este-lunes-anef-magallanes\/\">Leer m\u00e1s<\/a><\/p>\n","protected":false},"author":2,"featured_media":31338,"comment_status":"closed","ping_status":"closed","sticky":false,"template":"","format":"standard","meta":{"footnotes":""},"categories":[1],"tags":[],"class_list":["post-31337","post","type-post","status-publish","format-standard","has-post-thumbnail","hentry","category-cronica"],"_links":{"self":[{"href":"https:\/\/www.radiopresidenteibanez.cl\/web\/wp-json\/wp\/v2\/posts\/31337","targetHints":{"allow":["GET"]}}],"collection":[{"href":"https:\/\/www.radiopresidenteibanez.cl\/web\/wp-json\/wp\/v2\/posts"}],"about":[{"href":"https:\/\/www.radiopresidenteibanez.cl\/web\/wp-json\/wp\/v2\/types\/post"}],"author":[{"embeddable":true,"href":"https:\/\/www.radiopresidenteibanez.cl\/web\/wp-json\/wp\/v2\/users\/2"}],"replies":[{"embeddable":true,"href":"https:\/\/www.radiopresidenteibanez.cl\/web\/wp-json\/wp\/v2\/comments?post=31337"}],"version-history":[{"count":0,"href":"https:\/\/www.radiopresidenteibanez.cl\/web\/wp-json\/wp\/v2\/posts\/31337\/revisions"}],"wp:featuredmedia":[{"embeddable":true,"href":"https:\/\/www.radiopresidenteibanez.cl\/web\/wp-json\/wp\/v2\/media\/31338"}],"wp:attachment":[{"href":"https:\/\/www.radiopresidenteibanez.cl\/web\/wp-json\/wp\/v2\/media?parent=31337"}],"wp:term":[{"taxonomy":"category","embeddable":true,"href":"https:\/\/www.radiopresidenteibanez.cl\/web\/wp-json\/wp\/v2\/categories?post=31337"},{"taxonomy":"post_tag","embeddable":true,"href":"https:\/\/www.radiopresidenteibanez.cl\/web\/wp-json\/wp\/v2\/tags?post=31337"}],"curies":[{"name":"wp","href":"https:\/\/api.w.org\/{rel}","templated":true}]}}