{"id":3130,"date":"2019-04-08T13:35:27","date_gmt":"2019-04-08T13:35:27","guid":{"rendered":"http:\/\/www.radiopresidenteibanez.cl\/web\/?p=3130"},"modified":"2019-04-08T13:36:05","modified_gmt":"2019-04-08T13:36:05","slug":"jaime-mancilla-miralles-el-primer-esgrimista-magallanico-en-la-categoria-preveterano","status":"publish","type":"post","link":"https:\/\/www.radiopresidenteibanez.cl\/web\/jaime-mancilla-miralles-el-primer-esgrimista-magallanico-en-la-categoria-preveterano\/","title":{"rendered":"JAIME MANCILLA MIRALLES, EL PRIMER ESGRIMISTA MAGALL\u00c1NICO EN LA CATEGOR\u00cdA PREVETERANO"},"content":{"rendered":"\n<p>El desempe\u00f1o del 1er esgrimista en la historia de la disciplina en magallanes, que fue a competir en la categor\u00eda preveteranos del torneo nacional por el ranking federado realizado en la Regi\u00f3n Metropolitana, en las pistas de la Federaci\u00f3n Chilena de Esgrima, quien lo hizo representando a Magallanes y perteneciente al Club Esgrima Punta Arenas.<\/p>\n\n\n\n<p><br> Se trata de Jaime Mancilla Miralles de 43 a\u00f1os, tirador del Club Deportivo de Esgrima Punta Arenas, quien el domingo 07 abril, enfrenta un desaf\u00edo a nivel nacional, de participar en torneo de esgrima organizado por la Federaci\u00f3n Chilena de Esgrima, v\u00e1lido por el ranking nacional de la categor\u00eda de veteranos y preveteranos, oportunidad en que participo en el arma de Espada y Florete obteniendo los siguientes resultados:<br> Arma Florete   : 2do lugar y medalla de plata.<br> Arma Espada  : 3er lugar y medalla de bronce.<\/p>\n\n\n\n<p><br> Las preseas antes mencionadas, fueron alcanzadas, gracias al entrenamiento recibido por el \u00fanico maestro de esgrima certificado en la regi\u00f3n de Magallanes, Eduardo Rodr\u00edguez Verdugo, quien imparte clases para ni\u00f1as, ni\u00f1os, j\u00f3venes y adultos, donde asiste Jaime Mancilla Miralles, los martes y jueves de 1900 a 2100 hrs., y los s\u00e1bados de 1130 a 1330hrs, horario que acomoda a los estudiantes y adultos, que por su trabajo pueden asistir sin problemas.<\/p>\n\n\n\n<p><br> Lo anterior es un gran logro deportivo regional, considerando que es la primera vez, en que un esgrimista magall\u00e1nico participa en la categor\u00eda de preveteranos en forma oficial, obteniendo excelentes resultados, donde los lugares obtenidos, adem\u00e1s le otorgan puntaje para poder clasificar y eventualmente asistir al Sudamericano en Sao Paulo Brasil y Panamericano en Cochabamba Bolivia.<\/p>\n\n\n\n<p><br> Jaime Mancilla, adem\u00e1s es parte de una familia de esgrimistas, donde en su oportunidad todos llegaron a practicarla, su hija Stephany de 17 a\u00f1os, quien hasta el a\u00f1o pasado practicaba y compet\u00eda, su hijo Nicolas de 11 a\u00f1os es quien lleva m\u00e1s tiempo (4 a\u00f1os) en el deporte e indujo a todos los dem\u00e1s y su esposa Yovana Cuevas Villa igualmente pr\u00e1ctica, una familia unida por el deporte y la vida sana, no exenta de dificultades propias de compatibilizar los trabajos de ambos padres, los estudios de sus hijos y la vida familiar, que cuando se comparte el deporte se hace m\u00e1s f\u00e1cil.<\/p>\n\n\n\n<p><br> Mancilla, quien hace sus primeros puntos en la esgrima nacional se\u00f1ala, \u201cNunca es tarde para aprender una nueva disciplina deportiva en este caso la esgrima y con esfuerzo, sumado a un gran maestro, al apoyo familiar, el de todos los socios y dem\u00e1s deportistas del club, quienes me daban aliento a la distancia por diferentes redes sociales, se consigui\u00f3 este buen desempe\u00f1o\u201d,  agradece igualmente al IND., entidad que facilito la actual sala de esgrima en el gimnasio fiscal, donde el Club Deportivo de Esgrima Punta Arenas, est\u00e1n forjando los campeones para magallanes y el pa\u00eds.<\/p>\n\n\n\n<ul class=\"wp-block-gallery columns-2 is-cropped wp-block-gallery-1 is-layout-flex wp-block-gallery-is-layout-flex\"><li class=\"blocks-gallery-item\"><figure><img loading=\"lazy\" decoding=\"async\" width=\"717\" height=\"1024\" src=\"https:\/\/www.radiopresidenteibanez.cl\/web\/wp-content\/uploads\/2019\/04\/IMG-20190407-WA0045-717x1024.jpg\" alt=\"\" data-id=\"3131\" data-link=\"https:\/\/www.radiopresidenteibanez.cl\/web\/?attachment_id=3131\" class=\"wp-image-3131\" srcset=\"https:\/\/www.radiopresidenteibanez.cl\/web\/wp-content\/uploads\/2019\/04\/IMG-20190407-WA0045-717x1024.jpg 717w, https:\/\/www.radiopresidenteibanez.cl\/web\/wp-content\/uploads\/2019\/04\/IMG-20190407-WA0045-210x300.jpg 210w, https:\/\/www.radiopresidenteibanez.cl\/web\/wp-content\/uploads\/2019\/04\/IMG-20190407-WA0045.jpg 761w\" sizes=\"auto, (max-width: 717px) 100vw, 717px\" \/><\/figure><\/li><li class=\"blocks-gallery-item\"><figure><img loading=\"lazy\" decoding=\"async\" width=\"775\" height=\"574\" src=\"https:\/\/www.radiopresidenteibanez.cl\/web\/wp-content\/uploads\/2019\/04\/medallas-mancilla.jpg\" alt=\"\" data-id=\"3132\" data-link=\"https:\/\/www.radiopresidenteibanez.cl\/web\/?attachment_id=3132\" class=\"wp-image-3132\" srcset=\"https:\/\/www.radiopresidenteibanez.cl\/web\/wp-content\/uploads\/2019\/04\/medallas-mancilla.jpg 775w, https:\/\/www.radiopresidenteibanez.cl\/web\/wp-content\/uploads\/2019\/04\/medallas-mancilla-300x222.jpg 300w, https:\/\/www.radiopresidenteibanez.cl\/web\/wp-content\/uploads\/2019\/04\/medallas-mancilla-768x569.jpg 768w\" sizes=\"auto, (max-width: 775px) 100vw, 775px\" \/><\/figure><\/li><\/ul>\n","protected":false},"excerpt":{"rendered":"<p>El desempe\u00f1o del 1er esgrimista en la historia de la disciplina en magallanes, que fue a competir en la categor\u00eda preveteranos del torneo nacional por el ranking federado realizado en&#8230; <a class=\"read-more\" href=\"https:\/\/www.radiopresidenteibanez.cl\/web\/jaime-mancilla-miralles-el-primer-esgrimista-magallanico-en-la-categoria-preveterano\/\">Leer m\u00e1s<\/a><\/p>\n","protected":false},"author":2,"featured_media":3131,"comment_status":"closed","ping_status":"closed","sticky":false,"template":"","format":"standard","meta":{"footnotes":""},"categories":[3],"tags":[],"class_list":["post-3130","post","type-post","status-publish","format-standard","has-post-thumbnail","hentry","category-deportes"],"_links":{"self":[{"href":"https:\/\/www.radiopresidenteibanez.cl\/web\/wp-json\/wp\/v2\/posts\/3130","targetHints":{"allow":["GET"]}}],"collection":[{"href":"https:\/\/www.radiopresidenteibanez.cl\/web\/wp-json\/wp\/v2\/posts"}],"about":[{"href":"https:\/\/www.radiopresidenteibanez.cl\/web\/wp-json\/wp\/v2\/types\/post"}],"author":[{"embeddable":true,"href":"https:\/\/www.radiopresidenteibanez.cl\/web\/wp-json\/wp\/v2\/users\/2"}],"replies":[{"embeddable":true,"href":"https:\/\/www.radiopresidenteibanez.cl\/web\/wp-json\/wp\/v2\/comments?post=3130"}],"version-history":[{"count":0,"href":"https:\/\/www.radiopresidenteibanez.cl\/web\/wp-json\/wp\/v2\/posts\/3130\/revisions"}],"wp:featuredmedia":[{"embeddable":true,"href":"https:\/\/www.radiopresidenteibanez.cl\/web\/wp-json\/wp\/v2\/media\/3131"}],"wp:attachment":[{"href":"https:\/\/www.radiopresidenteibanez.cl\/web\/wp-json\/wp\/v2\/media?parent=3130"}],"wp:term":[{"taxonomy":"category","embeddable":true,"href":"https:\/\/www.radiopresidenteibanez.cl\/web\/wp-json\/wp\/v2\/categories?post=3130"},{"taxonomy":"post_tag","embeddable":true,"href":"https:\/\/www.radiopresidenteibanez.cl\/web\/wp-json\/wp\/v2\/tags?post=3130"}],"curies":[{"name":"wp","href":"https:\/\/api.w.org\/{rel}","templated":true}]}}