{"id":3127,"date":"2019-04-08T13:24:31","date_gmt":"2019-04-08T13:24:31","guid":{"rendered":"http:\/\/www.radiopresidenteibanez.cl\/web\/?p=3127"},"modified":"2019-04-08T13:25:09","modified_gmt":"2019-04-08T13:25:09","slug":"detuvieron-a-ciudadana-argentina-que-se-encontraba-profuga","status":"publish","type":"post","link":"https:\/\/www.radiopresidenteibanez.cl\/web\/detuvieron-a-ciudadana-argentina-que-se-encontraba-profuga\/","title":{"rendered":"DETUVIERON A CIUDADANA ARGENTINA QUE SE ENCONTRABA PR\u00d3FUGA"},"content":{"rendered":"\n<p>Cabe recordar que Mariela Edith de los Milagros Ma\u00f1\u00e9, fue\ncondenada debido a que luego de conducir en estado de ebriedad y provocar una\ncolisi\u00f3n dejo a una persona de nacionalidad colombiana fallecida, luego de ser\ncondenada a cinco a\u00f1os en libertad y posterior ser llamada a cumplir esta\ncondena en la c\u00e1rcel, nadie supo m\u00e1s de ella y se mantuvo pr\u00f3fuga de la\njusticia por 210 d\u00edas.<\/p>\n\n\n\n<p>Al ser detenida Ma\u00f1\u00e9, manifest\u00f3 que nunca sali\u00f3 de la regi\u00f3n ni de Chile, solo se mantuvo en su vivienda cuidando a su hijo de dos a\u00f1os, y que por \u00e9l ten\u00eda miedo a entregarse a la justicia local, en horas de la ma\u00f1ana de este lunes deber\u00eda enfrentar a la justicia e ingresar a la c\u00e1rcel.<\/p>\n\n\n\n<p><\/p>\n","protected":false},"excerpt":{"rendered":"<p>Cabe recordar que Mariela Edith de los Milagros Ma\u00f1\u00e9, fue condenada debido a que luego de conducir en estado de ebriedad y provocar una colisi\u00f3n dejo a una persona de&#8230; <a class=\"read-more\" href=\"https:\/\/www.radiopresidenteibanez.cl\/web\/detuvieron-a-ciudadana-argentina-que-se-encontraba-profuga\/\">Leer m\u00e1s<\/a><\/p>\n","protected":false},"author":2,"featured_media":3128,"comment_status":"closed","ping_status":"closed","sticky":false,"template":"","format":"standard","meta":{"footnotes":""},"categories":[6],"tags":[],"class_list":["post-3127","post","type-post","status-publish","format-standard","has-post-thumbnail","hentry","category-policial"],"_links":{"self":[{"href":"https:\/\/www.radiopresidenteibanez.cl\/web\/wp-json\/wp\/v2\/posts\/3127","targetHints":{"allow":["GET"]}}],"collection":[{"href":"https:\/\/www.radiopresidenteibanez.cl\/web\/wp-json\/wp\/v2\/posts"}],"about":[{"href":"https:\/\/www.radiopresidenteibanez.cl\/web\/wp-json\/wp\/v2\/types\/post"}],"author":[{"embeddable":true,"href":"https:\/\/www.radiopresidenteibanez.cl\/web\/wp-json\/wp\/v2\/users\/2"}],"replies":[{"embeddable":true,"href":"https:\/\/www.radiopresidenteibanez.cl\/web\/wp-json\/wp\/v2\/comments?post=3127"}],"version-history":[{"count":0,"href":"https:\/\/www.radiopresidenteibanez.cl\/web\/wp-json\/wp\/v2\/posts\/3127\/revisions"}],"wp:featuredmedia":[{"embeddable":true,"href":"https:\/\/www.radiopresidenteibanez.cl\/web\/wp-json\/wp\/v2\/media\/3128"}],"wp:attachment":[{"href":"https:\/\/www.radiopresidenteibanez.cl\/web\/wp-json\/wp\/v2\/media?parent=3127"}],"wp:term":[{"taxonomy":"category","embeddable":true,"href":"https:\/\/www.radiopresidenteibanez.cl\/web\/wp-json\/wp\/v2\/categories?post=3127"},{"taxonomy":"post_tag","embeddable":true,"href":"https:\/\/www.radiopresidenteibanez.cl\/web\/wp-json\/wp\/v2\/tags?post=3127"}],"curies":[{"name":"wp","href":"https:\/\/api.w.org\/{rel}","templated":true}]}}