{"id":31269,"date":"2022-07-17T14:59:00","date_gmt":"2022-07-17T17:59:00","guid":{"rendered":"https:\/\/www.radiopresidenteibanez.cl\/web\/?p=31269"},"modified":"2022-07-17T00:38:05","modified_gmt":"2022-07-17T03:38:05","slug":"660-personas-disfrutaron-de-obra-de-teatro-el-mago-de-oz","status":"publish","type":"post","link":"https:\/\/www.radiopresidenteibanez.cl\/web\/660-personas-disfrutaron-de-obra-de-teatro-el-mago-de-oz\/","title":{"rendered":"660 personas disfrutaron de obra de teatro El Mago de Oz"},"content":{"rendered":"\n<p> Una gran convocatoria de p\u00fablico, que alcanz\u00f3 a las 660 personas, asisti\u00f3 este jueves y viernes al Centro Cultural \u201cClaudio Paredes Chamorro\u201d de Punta Arenas, para disfrutar de la obra teatral \u201cEl Mago de Oz\u201d, incluida en la Cartelera Cultural del Municipio de Punta Arenas.<br>Debido al \u00e9xito de la actividad, el Municipio debi\u00f3 realizar una tercera funci\u00f3n, para cubrir la demanda de los interesados en asistir al espect\u00e1culo.<br>\u201cSuper\u00f3 todas las expectativas, porque en realidad \u00e9ste es un elenco de nuestros talleres como Centro Cultural, y la verdad es que el p\u00fablico lo tom\u00f3 s\u00faper bien y tuvimos que aumentar una funci\u00f3n para poder cubrir toda la demanda que ten\u00edamos. As\u00ed que s\u00faper contentos, con muchos ni\u00f1os, con muchas familias ac\u00e1 en el Centro Cultural que llena de vida nuestro espacio\u201d, se\u00f1al\u00f3 la directora (S) de Desarrollo Comunitario, Jessica Castillo.<br>La comunidad agradeci\u00f3 la posibilidad de disfrutar de este espect\u00e1culo cultural, sobre todo en el marco de las vacaciones de invierno. \u201cS\u00faper bien, se agradece la invitaci\u00f3n que est\u00e1 abierta a toda la comunidad, y es bueno poder contar con estas instancias donde tener un poco m\u00e1s de cultura ac\u00e1 en la regi\u00f3n\u201d, afirm\u00f3 Marcelo Concha, uno de los asistentes.<br>\u201cSe siente bien, me gusta el Mago de Oz. Se siente bien venir ac\u00e1\u201d, indic\u00f3 Facundo Opazo, quien tambi\u00e9n asisti\u00f3 junto a su familia para disfrutar del evento.<br>\u201cMe parece muy bien, buena iniciativa, obviamente siempre manteniendo los cuidados pertinentes para que se puedan seguir haciendo este tipo de actividades para toda la familia\u201d, afirm\u00f3 Ver\u00f3nica Prieto.<br>Finalmente, David Segura Fuentes, se\u00f1al\u00f3 que \u201cComo padre, me parece una excelente iniciativa por parte de la Municipalidad, por el hecho de que los ni\u00f1os est\u00e1n de vacaciones y se est\u00e1 haciendo un poco dif\u00edcil mantenerlos de una manera saludable dentro del hogar\u201d.<br>La actividad fue representada por el elenco ciudadano municipal, que puso en escena a 15 personajes dirigidos por la actriz, Paulina Carrasco. La obra estaba basada en la tradicional pel\u00edcula del mismo nombre, que tiene como protagonista a Dorothy, quien sue\u00f1a con viajar m\u00e1s all\u00e1 del arco iris. La joven ve su deseo hecho realidad cuando un tornado se la lleva con su perrito al mundo de Oz. Entonces, se dirige por el Camino Amarillo hacia la Ciudad Esmeralda, donde vive el todopoderoso Mago de Oz, que puede ayudarla a regresar a Kansas. <\/p>\n","protected":false},"excerpt":{"rendered":"<p>Una gran convocatoria de p\u00fablico, que alcanz\u00f3 a las 660 personas, asisti\u00f3 este jueves y viernes al Centro Cultural \u201cClaudio Paredes Chamorro\u201d de Punta Arenas, para disfrutar de la obra&#8230; <a class=\"read-more\" href=\"https:\/\/www.radiopresidenteibanez.cl\/web\/660-personas-disfrutaron-de-obra-de-teatro-el-mago-de-oz\/\">Leer m\u00e1s<\/a><\/p>\n","protected":false},"author":2,"featured_media":31270,"comment_status":"closed","ping_status":"closed","sticky":false,"template":"","format":"standard","meta":{"footnotes":""},"categories":[1],"tags":[],"class_list":["post-31269","post","type-post","status-publish","format-standard","has-post-thumbnail","hentry","category-cronica"],"_links":{"self":[{"href":"https:\/\/www.radiopresidenteibanez.cl\/web\/wp-json\/wp\/v2\/posts\/31269","targetHints":{"allow":["GET"]}}],"collection":[{"href":"https:\/\/www.radiopresidenteibanez.cl\/web\/wp-json\/wp\/v2\/posts"}],"about":[{"href":"https:\/\/www.radiopresidenteibanez.cl\/web\/wp-json\/wp\/v2\/types\/post"}],"author":[{"embeddable":true,"href":"https:\/\/www.radiopresidenteibanez.cl\/web\/wp-json\/wp\/v2\/users\/2"}],"replies":[{"embeddable":true,"href":"https:\/\/www.radiopresidenteibanez.cl\/web\/wp-json\/wp\/v2\/comments?post=31269"}],"version-history":[{"count":0,"href":"https:\/\/www.radiopresidenteibanez.cl\/web\/wp-json\/wp\/v2\/posts\/31269\/revisions"}],"wp:featuredmedia":[{"embeddable":true,"href":"https:\/\/www.radiopresidenteibanez.cl\/web\/wp-json\/wp\/v2\/media\/31270"}],"wp:attachment":[{"href":"https:\/\/www.radiopresidenteibanez.cl\/web\/wp-json\/wp\/v2\/media?parent=31269"}],"wp:term":[{"taxonomy":"category","embeddable":true,"href":"https:\/\/www.radiopresidenteibanez.cl\/web\/wp-json\/wp\/v2\/categories?post=31269"},{"taxonomy":"post_tag","embeddable":true,"href":"https:\/\/www.radiopresidenteibanez.cl\/web\/wp-json\/wp\/v2\/tags?post=31269"}],"curies":[{"name":"wp","href":"https:\/\/api.w.org\/{rel}","templated":true}]}}