{"id":31210,"date":"2022-07-15T10:37:00","date_gmt":"2022-07-15T13:37:00","guid":{"rendered":"https:\/\/www.radiopresidenteibanez.cl\/web\/?p=31210"},"modified":"2022-07-14T22:17:09","modified_gmt":"2022-07-15T01:17:09","slug":"consejero-regional-rodolfo-cardenas-en-que-esta-la-senda-de-penetracion-vicuna-yendegaia","status":"publish","type":"post","link":"https:\/\/www.radiopresidenteibanez.cl\/web\/consejero-regional-rodolfo-cardenas-en-que-esta-la-senda-de-penetracion-vicuna-yendegaia\/","title":{"rendered":"CONSEJERO REGIONAL RODOLFO CARDENAS: \u201c\u00bfEN QUE ESTA LA SENDA DE PENETRACION VICU\u00d1A\u2013 YENDEGAIA?"},"content":{"rendered":"\n<p>Saber si se cumplir\u00e1n los plazos que establecieron que en 2026 deber\u00eda estar concluida la denominada Senda de Penetraci\u00f3n Vicu\u00f1a y Yendegaia, tramo que unir\u00eda por tierra y por mar la isla de Tierra del Fuego y el continente en Cabo de Hornos, y que se iniciaron en 1994; tiene como prop\u00f3sito el oficio que solicit\u00f3 en la \u00faltima sesi\u00f3n del Consejo Regional, el representante de la provincia fueguina, Rodolfo C\u00e1rdenas.<\/p>\n\n\n\n<p>Haciendo un poco de historia, este emblem\u00e1tico proyecto se inici\u00f3 en 1994, en distintas etapas y con una extensi\u00f3n final que debiera ser de 139 kil\u00f3metros, distancia que permitir\u00eda unir a Punta Arenas y Puerto Williams en un tiempo aproximado de 12 horas. Seg\u00fan el oficio presidencial, del 9 de abril de 2008, el objetivo del proyecto es construir una v\u00eda de comunicaci\u00f3n terrestre desde el estrecho de Magallanes hasta el canal Beagle, a trav\u00e9s de un convenio de trabajo del Ministerio de Obras P\u00fablicas y el Cuerpo Militar del Trabajo del Ej\u00e9rcito de Chile.<\/p>\n\n\n\n<p>La importancia que tendr\u00e1 para el desarrollo regional, en particular para Cabo de Hornos y Tierra del Fuego, es lo que llev\u00f3 a C\u00e1rdenas a solicitar al gobernador Jorge Flies, se oficie a los entes involucrados para conocer el estado en que se encuentra la obra. \u201cActualmente se encontrar\u00eda en su \u00faltima fase, por eso le he pedido al gobernador poder tomar conocimiento del estado en que se encuentra\u201d.<\/p>\n\n\n\n<p>Si se podr\u00e1 cumplir o no con los plazos, habr\u00e1 que esperar la respuesta del oficio que solicita una presentaci\u00f3n ante el pleno para interiorizar al colegiado, en virtud de los recursos y a\u00f1os involucrados en el proyecto. Pero, lo cierto es que para el consejero fueguino, concluida esta obra permitir\u00e1 desarrollar econ\u00f3micamente el territorio m\u00e1s austral, y probablemente, generar\u00e1 la creaci\u00f3n de comunidades y asentamientos a su paso, que diversificar\u00e1n las posibilidades demogr\u00e1ficas del territorio.<\/p>\n\n\n\n<p>\u201cEspero se vayan asentando poblados y se genere el desarrollo productivo y social de ese territorio, asociado a la estrategia regional de desarrollo y lo que pueda generar la Corporaci\u00f3n de Magallanes\u201d, concluy\u00f3 el consejero regional.<\/p>\n","protected":false},"excerpt":{"rendered":"<p>Saber si se cumplir\u00e1n los plazos que establecieron que en 2026 deber\u00eda estar concluida la denominada Senda de Penetraci\u00f3n Vicu\u00f1a y Yendegaia, tramo que unir\u00eda por tierra y por mar&#8230; <a class=\"read-more\" href=\"https:\/\/www.radiopresidenteibanez.cl\/web\/consejero-regional-rodolfo-cardenas-en-que-esta-la-senda-de-penetracion-vicuna-yendegaia\/\">Leer m\u00e1s<\/a><\/p>\n","protected":false},"author":2,"featured_media":31211,"comment_status":"closed","ping_status":"closed","sticky":false,"template":"","format":"standard","meta":{"footnotes":""},"categories":[1],"tags":[],"class_list":["post-31210","post","type-post","status-publish","format-standard","has-post-thumbnail","hentry","category-cronica"],"_links":{"self":[{"href":"https:\/\/www.radiopresidenteibanez.cl\/web\/wp-json\/wp\/v2\/posts\/31210","targetHints":{"allow":["GET"]}}],"collection":[{"href":"https:\/\/www.radiopresidenteibanez.cl\/web\/wp-json\/wp\/v2\/posts"}],"about":[{"href":"https:\/\/www.radiopresidenteibanez.cl\/web\/wp-json\/wp\/v2\/types\/post"}],"author":[{"embeddable":true,"href":"https:\/\/www.radiopresidenteibanez.cl\/web\/wp-json\/wp\/v2\/users\/2"}],"replies":[{"embeddable":true,"href":"https:\/\/www.radiopresidenteibanez.cl\/web\/wp-json\/wp\/v2\/comments?post=31210"}],"version-history":[{"count":0,"href":"https:\/\/www.radiopresidenteibanez.cl\/web\/wp-json\/wp\/v2\/posts\/31210\/revisions"}],"wp:featuredmedia":[{"embeddable":true,"href":"https:\/\/www.radiopresidenteibanez.cl\/web\/wp-json\/wp\/v2\/media\/31211"}],"wp:attachment":[{"href":"https:\/\/www.radiopresidenteibanez.cl\/web\/wp-json\/wp\/v2\/media?parent=31210"}],"wp:term":[{"taxonomy":"category","embeddable":true,"href":"https:\/\/www.radiopresidenteibanez.cl\/web\/wp-json\/wp\/v2\/categories?post=31210"},{"taxonomy":"post_tag","embeddable":true,"href":"https:\/\/www.radiopresidenteibanez.cl\/web\/wp-json\/wp\/v2\/tags?post=31210"}],"curies":[{"name":"wp","href":"https:\/\/api.w.org\/{rel}","templated":true}]}}