{"id":31208,"date":"2022-07-15T09:49:00","date_gmt":"2022-07-15T12:49:00","guid":{"rendered":"https:\/\/www.radiopresidenteibanez.cl\/web\/?p=31208"},"modified":"2022-07-14T22:11:53","modified_gmt":"2022-07-15T01:11:53","slug":"aguas-magallanes-continua-haciendo-frente-a-la-contingencia-por-bajas-temperaturas-y-posterior-deshielo","status":"publish","type":"post","link":"https:\/\/www.radiopresidenteibanez.cl\/web\/aguas-magallanes-continua-haciendo-frente-a-la-contingencia-por-bajas-temperaturas-y-posterior-deshielo\/","title":{"rendered":"AGUAS MAGALLANES CONTINUA HACIENDO FRENTE A LA CONTINGENCIA POR BAJAS TEMPERATURAS Y POSTERIOR DESHIELO"},"content":{"rendered":"\n<p>Bajo control, se encuentra la emergencia por bajas temperaturas que ha debido enfrentar principalmente la ciudad de Punta Arenas, que a la fecha acumula m\u00e1s de mil ochocientos requerimientos, de los cuales m\u00e1s del 60% est\u00e1n asociados a medidores y ca\u00f1er\u00edas interiores congeladas, generando serias dificultades para sostener los niveles en los estanques de almacenamiento de agua potable, debido a las fugas generadas.\u00a0<br>Si bien hoy la temperatura ha dado un respiro, el periodo de invierno aun no ha terminado y el pron\u00f3stico del tiempo indica nuevos frentes de bajas temperaturas. \u00abPor lo anterior, hacemos un llamado para que aquellos vecinos que aun no han resguardado de manera correcta sus instalaciones interiores expuestas a la intemperie, o no han protegido de manera correcta su medidor de agua potable, adopten las medidas y as\u00ed evitar una nueva emergencia\u00bb, indic\u00f3 JohannaReyesNeira,\u00a0 gerente de Clientes Aguas Magallanes.<br>En relaci\u00f3n a consultas y reclamos respecto del servicio, la ejecutiva aclar\u00f3 que la planta de producci\u00f3n opera con total normalidad. \u00abLas instalaciones y el proceso de producci\u00f3n ha sido debidamente fiscalizado por la autoridad sanitaria (SISS), entidad que inform\u00f3 el correcto funcionamiento de las instalaciones\u00bb, detall\u00f3.\u00a0\u00a0En la misma l\u00ednea, la compa\u00f1\u00eda nuevamente llam\u00f3 a los vecinos a informar si detectan fugas o filtraciones de agua en la v\u00eda p\u00fablica, a trav\u00e9s de la App Aguas Magallanes, Facebook o Twitter con el objeto de llegar a la brevedad a aquellos lugares y as\u00ed realizar las maniobras necesarias para evitar nuevas p\u00e9rdidas de agua.\u00a0<br>Las bajas temperaturas continuar\u00e1n durante este invierno por lo que el llamado es a proteger las instalaciones, informarse y seguir las recomendaciones que habitualmente entrega Aguas Magallanes, a trav\u00e9s de sus redes sociales y en medios de comunicaci\u00f3n regional.Finalmente, la empresa record\u00f3 que las plataformas digitales (App Aguas Magallanes, Twitter, Facebook y sitio\u00a0<a rel=\"noreferrer noopener\" href=\"http:\/\/aguasmagallanes.cl\/\" target=\"_blank\">aguasmagallanes.cl<\/a>) operan con la misma prioridad que la l\u00ednea telef\u00f3nica 612280028, sin embargo y debido a la alta demanda de atenci\u00f3n, los tiempos de espera podr\u00edan superar la normalidad. <\/p>\n","protected":false},"excerpt":{"rendered":"<p>Bajo control, se encuentra la emergencia por bajas temperaturas que ha debido enfrentar principalmente la ciudad de Punta Arenas, que a la fecha acumula m\u00e1s de mil ochocientos requerimientos, de&#8230; <a class=\"read-more\" href=\"https:\/\/www.radiopresidenteibanez.cl\/web\/aguas-magallanes-continua-haciendo-frente-a-la-contingencia-por-bajas-temperaturas-y-posterior-deshielo\/\">Leer m\u00e1s<\/a><\/p>\n","protected":false},"author":2,"featured_media":31177,"comment_status":"closed","ping_status":"closed","sticky":false,"template":"","format":"standard","meta":{"footnotes":""},"categories":[1],"tags":[],"class_list":["post-31208","post","type-post","status-publish","format-standard","has-post-thumbnail","hentry","category-cronica"],"_links":{"self":[{"href":"https:\/\/www.radiopresidenteibanez.cl\/web\/wp-json\/wp\/v2\/posts\/31208","targetHints":{"allow":["GET"]}}],"collection":[{"href":"https:\/\/www.radiopresidenteibanez.cl\/web\/wp-json\/wp\/v2\/posts"}],"about":[{"href":"https:\/\/www.radiopresidenteibanez.cl\/web\/wp-json\/wp\/v2\/types\/post"}],"author":[{"embeddable":true,"href":"https:\/\/www.radiopresidenteibanez.cl\/web\/wp-json\/wp\/v2\/users\/2"}],"replies":[{"embeddable":true,"href":"https:\/\/www.radiopresidenteibanez.cl\/web\/wp-json\/wp\/v2\/comments?post=31208"}],"version-history":[{"count":0,"href":"https:\/\/www.radiopresidenteibanez.cl\/web\/wp-json\/wp\/v2\/posts\/31208\/revisions"}],"wp:featuredmedia":[{"embeddable":true,"href":"https:\/\/www.radiopresidenteibanez.cl\/web\/wp-json\/wp\/v2\/media\/31177"}],"wp:attachment":[{"href":"https:\/\/www.radiopresidenteibanez.cl\/web\/wp-json\/wp\/v2\/media?parent=31208"}],"wp:term":[{"taxonomy":"category","embeddable":true,"href":"https:\/\/www.radiopresidenteibanez.cl\/web\/wp-json\/wp\/v2\/categories?post=31208"},{"taxonomy":"post_tag","embeddable":true,"href":"https:\/\/www.radiopresidenteibanez.cl\/web\/wp-json\/wp\/v2\/tags?post=31208"}],"curies":[{"name":"wp","href":"https:\/\/api.w.org\/{rel}","templated":true}]}}