{"id":31173,"date":"2022-07-13T19:32:00","date_gmt":"2022-07-13T22:32:00","guid":{"rendered":"https:\/\/www.radiopresidenteibanez.cl\/web\/?p=31173"},"modified":"2022-07-13T16:15:27","modified_gmt":"2022-07-13T19:15:27","slug":"manifiesto-radical-por-la-nueva-constitucion-politica-de-chile","status":"publish","type":"post","link":"https:\/\/www.radiopresidenteibanez.cl\/web\/manifiesto-radical-por-la-nueva-constitucion-politica-de-chile\/","title":{"rendered":"MANIFIESTO RADICAL POR LA NUEVA CONSTITUCI\u00d3N POL\u00cdTICA DE CHILE"},"content":{"rendered":"\n<p>Hoy, 13 de julio de 2022, la lista \u201cTodas y Todos Somos Radicales\u201d, vencedora en las elecciones  internas del Partido Radical de Chile, manifiesta a la comunidad nacional lo siguiente: 1. Situados en un momento crucial para la vida pol\u00edtica de nuestro pa\u00eds en el que tenemos la  posibilidad hist\u00f3rica de avanzar hacia una democracia de mejor calidad, m\u00e1s profunda y madura para todas las ciudadanas y ciudadanos, vemos con optimismo la oportunidad de superar el  sistema abusivo que trajo consigo la institucionalidad p\u00fablico\u2013privada modelada por la  constituci\u00f3n de 1980. 2. El radicalismo chileno, en su historia de casi 160 a\u00f1os, ha dado muestra de su compromiso por  las causas justas de nuestro pueblo. Nuestro nacimiento, en la segunda mitad del siglo XIX,  obedece a la rebeld\u00eda liberal ante la concentraci\u00f3n del poder pol\u00edtico en la \u201ccapital del reino\u201d. A  principios del siglo XX, la llamada cuesti\u00f3n social fue nuestra mayor ocupaci\u00f3n; por entonces  dimos impulso a la Ley de Instrucci\u00f3n Primaria Obligatoria y combatimos la mortalidad y  desnutrici\u00f3n infantil. Y llegado el turno de gobernar, dimos a Chile las condiciones necesarias para  progresar social, educacional y productivamente.  3. En virtud de esa tradici\u00f3n, el Partido Radical de Chile consciente de su senda hist\u00f3rica por la  transformaci\u00f3n social, econ\u00f3mica, pol\u00edtica y cultural de nuestro pa\u00eds, viene ante sus  conciudadanos y conciudadanas a cimentar sin equ\u00edvocos su posici\u00f3n frente a la nueva  Constituci\u00f3n que se someter\u00e1 a plebiscito el pr\u00f3ximo 4 de septiembre de 2022. 4. Tenemos la f\u00e9rrea convicci\u00f3n que la Nueva Constituci\u00f3n abrir\u00e1 un ciclo cultural y pol\u00edtico que  Chile necesita transitar. Nuestros principios de Libertad, Igualdad y Fraternidad forman parte  indisoluble del nuevo texto constitucional que la Convenci\u00f3n le ha ofrecido al pa\u00eds. Creemos que Estado Democr\u00e1tico, Social, de Derecho, Descentralizado, Intercultural, Ecol\u00f3gico, Paritario e  Inclusivo son definiciones que recogen el malestar y responden a las demandas expresadas en  octubre 2019 por la movilizaci\u00f3n ciudadana que propici\u00f3 un movimiento sin precedentes y de tal  proporci\u00f3n, que al cabo, posibilit\u00f3 el plebiscito de entrada, y ahora el de salida. 5. En esas circunstancias, y por nuestra historia, el Partido Radical de Chile votar\u00e1 APRUEBO. Por  Chile y para Chile.  6. Por tanto, hacemos un llamado a la acci\u00f3n de toda la militancia de sur a norte, de cordillera a  mar, a trabajar infatigablemente por entregar nuestro mensaje, para hacer florecer el nuevo Chile, a partir de su historia antigua y reciente; sabiendo que en el presente y hacia futuro, lograremos  una mejor convivencia y paz social con bases de solidaridad y dignidad. #APRUEBO Todas y todos somos radicales PARTIDO RADICAL DE CHIL <\/p>\n","protected":false},"excerpt":{"rendered":"<p>Hoy, 13 de julio de 2022, la lista \u201cTodas y Todos Somos Radicales\u201d, vencedora en las elecciones internas del Partido Radical de Chile, manifiesta a la comunidad nacional lo siguiente:&#8230; <a class=\"read-more\" href=\"https:\/\/www.radiopresidenteibanez.cl\/web\/manifiesto-radical-por-la-nueva-constitucion-politica-de-chile\/\">Leer m\u00e1s<\/a><\/p>\n","protected":false},"author":2,"featured_media":31174,"comment_status":"closed","ping_status":"closed","sticky":false,"template":"","format":"standard","meta":{"footnotes":""},"categories":[1],"tags":[],"class_list":["post-31173","post","type-post","status-publish","format-standard","has-post-thumbnail","hentry","category-cronica"],"_links":{"self":[{"href":"https:\/\/www.radiopresidenteibanez.cl\/web\/wp-json\/wp\/v2\/posts\/31173","targetHints":{"allow":["GET"]}}],"collection":[{"href":"https:\/\/www.radiopresidenteibanez.cl\/web\/wp-json\/wp\/v2\/posts"}],"about":[{"href":"https:\/\/www.radiopresidenteibanez.cl\/web\/wp-json\/wp\/v2\/types\/post"}],"author":[{"embeddable":true,"href":"https:\/\/www.radiopresidenteibanez.cl\/web\/wp-json\/wp\/v2\/users\/2"}],"replies":[{"embeddable":true,"href":"https:\/\/www.radiopresidenteibanez.cl\/web\/wp-json\/wp\/v2\/comments?post=31173"}],"version-history":[{"count":0,"href":"https:\/\/www.radiopresidenteibanez.cl\/web\/wp-json\/wp\/v2\/posts\/31173\/revisions"}],"wp:featuredmedia":[{"embeddable":true,"href":"https:\/\/www.radiopresidenteibanez.cl\/web\/wp-json\/wp\/v2\/media\/31174"}],"wp:attachment":[{"href":"https:\/\/www.radiopresidenteibanez.cl\/web\/wp-json\/wp\/v2\/media?parent=31173"}],"wp:term":[{"taxonomy":"category","embeddable":true,"href":"https:\/\/www.radiopresidenteibanez.cl\/web\/wp-json\/wp\/v2\/categories?post=31173"},{"taxonomy":"post_tag","embeddable":true,"href":"https:\/\/www.radiopresidenteibanez.cl\/web\/wp-json\/wp\/v2\/tags?post=31173"}],"curies":[{"name":"wp","href":"https:\/\/api.w.org\/{rel}","templated":true}]}}