{"id":31130,"date":"2022-07-12T16:42:00","date_gmt":"2022-07-12T19:42:00","guid":{"rendered":"https:\/\/www.radiopresidenteibanez.cl\/web\/?p=31130"},"modified":"2022-07-12T15:44:37","modified_gmt":"2022-07-12T18:44:37","slug":"municipio-suma-15-kilometros-de-nuevas-luminarias-peatonales-gracias-a-fondos-subdere","status":"publish","type":"post","link":"https:\/\/www.radiopresidenteibanez.cl\/web\/municipio-suma-15-kilometros-de-nuevas-luminarias-peatonales-gracias-a-fondos-subdere\/","title":{"rendered":"MUNICIPIO SUMA 1,5 KIL\u00d3METROS DE NUEVAS LUMINARIAS PEATONALES GRACIAS A FONDOS SUBDERE"},"content":{"rendered":"\n<p>Como parte de un\nsello de la actual gesti\u00f3n municipal, las Luminarias Peatonales son cada vez\nm\u00e1s requeridas por los vecinos de diversos barrios de la ciudad, proyectos que\nhan sido financiados \u00edntegramente gracias al apoyo de la Subsecretar\u00eda de\nDesarrollo Regional, lo cual ha permitido ejecutar 15 kil\u00f3metros lineales de\nestos insumos hasta la fecha. <\/p>\n\n\n\n<p>Es por ello, que\nya est\u00e1n en proceso de licitaci\u00f3n otros 9.5 kil\u00f3metros de estas Luminarias, lo\ncual fue anunciado por el Alcalde Claudio junto a la jefa regional de SUBDERE,\nDaniella Panicucci en la intersecci\u00f3n de calle General Juan Salvo con Cirujano\nVidela, instancia en la cual aprovecharon de reafirmar el trabajo conjunto en\nesa y otras materias. <\/p>\n\n\n\n<p>\u201cHoy tenemos 15\nkil\u00f3metros con luces y luminarias de este est\u00e1ndar, peatonal, sin cables, y que\nbusca que podamos mejorar los espacios p\u00fablicos de los barrios y de mayor\ntr\u00e1nsito\u201d, explic\u00f3 Radonich, quien adem\u00e1s dijo que \u201clo que buscamos es tener\nuna ciudad m\u00e1s segura y m\u00e1s bonita, y para eso es fundamental contar con el\napoyo de SUBDERE, que ha financiado todos los proyectos\u201d. <\/p>\n\n\n\n<p>A ello, el jefe\ncomunal a\u00f1adi\u00f3 que \u201chay 5 kil\u00f3metros m\u00e1s que estamos licitando, a lo cual se\nsuma financiamiento para otros 5 kil\u00f3metros, todo para licitar durante este a\u00f1o\n2022, lo que completar\u00eda un total de 25 kil\u00f3metros de nuevas luminarias en\ntotal\u201d.&nbsp; <\/p>\n\n\n\n<p>Por su parte,\nPanicucci, explic\u00f3 que \u201cson 12 proyectos que el municipio desarrollar\u00e1 con\nfondos SUBDERE, los cuales involucran 9,5 kil\u00f3metros de nuevas luminarias\npeatonales para ejecutar durante este a\u00f1o, que esperamos pronto entren a\nproceso de licitaci\u00f3n\u201d. <\/p>\n\n\n\n<p>De igual forma,\nAlex Saldivia, Director de Obras del municipio detall\u00f3 que \u201ceste tipo de\nluminarias poseen un distanciamiento de 6 a 8 metros, de tecnolog\u00eda led,\nconsumo bajo y mayor luminosidad en los espacios p\u00fablicos en los que se han\ninstalado, pensando en calles de alto tr\u00e1nsito y de constante paso de\nlocomoci\u00f3n colectiva\u201d. <\/p>\n\n\n\n<p>En tanto, las\nautoridades informaron que actualmente, ya tienen en cartera 21 kil\u00f3metros m\u00e1s\nde luminarias peatonales para los pr\u00f3ximos a\u00f1os, por lo que esperan poder\nconcretar cerca de 50 km de aqu\u00ed al 2025. <\/p>\n\n\n\n<p>Finalmente,\nDaniela Panicucci, coment\u00f3 que, \u201cjunto a estos proyectos de iluminaci\u00f3n,\nigualmente estamos trabajando en generar apoyo en asistencia t\u00e9cnica en l\u00edneas\nvinculadas a futuras tareas de reciclaje y cuidado del medio ambiente, por lo\nque la idea es potenciar un trabajo colaborativo permanente en beneficio de los\nhabitantes de nuestra regi\u00f3n\u201d.<\/p>\n","protected":false},"excerpt":{"rendered":"<p>Como parte de un sello de la actual gesti\u00f3n municipal, las Luminarias Peatonales son cada vez m\u00e1s requeridas por los vecinos de diversos barrios de la ciudad, proyectos que han&#8230; <a class=\"read-more\" href=\"https:\/\/www.radiopresidenteibanez.cl\/web\/municipio-suma-15-kilometros-de-nuevas-luminarias-peatonales-gracias-a-fondos-subdere\/\">Leer m\u00e1s<\/a><\/p>\n","protected":false},"author":2,"featured_media":31131,"comment_status":"closed","ping_status":"closed","sticky":false,"template":"","format":"standard","meta":{"footnotes":""},"categories":[1],"tags":[],"class_list":["post-31130","post","type-post","status-publish","format-standard","has-post-thumbnail","hentry","category-cronica"],"_links":{"self":[{"href":"https:\/\/www.radiopresidenteibanez.cl\/web\/wp-json\/wp\/v2\/posts\/31130","targetHints":{"allow":["GET"]}}],"collection":[{"href":"https:\/\/www.radiopresidenteibanez.cl\/web\/wp-json\/wp\/v2\/posts"}],"about":[{"href":"https:\/\/www.radiopresidenteibanez.cl\/web\/wp-json\/wp\/v2\/types\/post"}],"author":[{"embeddable":true,"href":"https:\/\/www.radiopresidenteibanez.cl\/web\/wp-json\/wp\/v2\/users\/2"}],"replies":[{"embeddable":true,"href":"https:\/\/www.radiopresidenteibanez.cl\/web\/wp-json\/wp\/v2\/comments?post=31130"}],"version-history":[{"count":0,"href":"https:\/\/www.radiopresidenteibanez.cl\/web\/wp-json\/wp\/v2\/posts\/31130\/revisions"}],"wp:featuredmedia":[{"embeddable":true,"href":"https:\/\/www.radiopresidenteibanez.cl\/web\/wp-json\/wp\/v2\/media\/31131"}],"wp:attachment":[{"href":"https:\/\/www.radiopresidenteibanez.cl\/web\/wp-json\/wp\/v2\/media?parent=31130"}],"wp:term":[{"taxonomy":"category","embeddable":true,"href":"https:\/\/www.radiopresidenteibanez.cl\/web\/wp-json\/wp\/v2\/categories?post=31130"},{"taxonomy":"post_tag","embeddable":true,"href":"https:\/\/www.radiopresidenteibanez.cl\/web\/wp-json\/wp\/v2\/tags?post=31130"}],"curies":[{"name":"wp","href":"https:\/\/api.w.org\/{rel}","templated":true}]}}