{"id":31124,"date":"2022-07-12T14:35:00","date_gmt":"2022-07-12T17:35:00","guid":{"rendered":"https:\/\/www.radiopresidenteibanez.cl\/web\/?p=31124"},"modified":"2022-07-12T12:17:43","modified_gmt":"2022-07-12T15:17:43","slug":"mineduc-abre-concurso-para-que-liceos-tecnico-profesionales-mejoren-equipamiento-de-sus-especialidades","status":"publish","type":"post","link":"https:\/\/www.radiopresidenteibanez.cl\/web\/mineduc-abre-concurso-para-que-liceos-tecnico-profesionales-mejoren-equipamiento-de-sus-especialidades\/","title":{"rendered":"Mineduc abre concurso para que liceos t\u00e9cnico-profesionales mejoren equipamiento de sus especialidades"},"content":{"rendered":"\n<p>El Ministerio de Educaci\u00f3n abri\u00f3 la convocatoria del concurso \u201cEquipamiento para Establecimientos de Educaci\u00f3n Media T\u00e9cnico Profesional\u201d, al que podr\u00e1n postular liceos municipales, particulares subvencionados y de administraci\u00f3n delegada, y cuyo fin es disponer recursos por $7.899 millones para que los establecimientos adquieran equipamiento que les permita actualizar o mejorar sus instalaciones en especialidades como Telecomunicaciones, Electricidad, Mec\u00e1nica, Gastronom\u00eda, entre otras.<\/p>\n\n\n\n<p>En esta versi\u00f3n de la convocatoria 2022, el Mineduc aument\u00f3 el monto m\u00e1ximo al que pueden postular los establecimientos, el que llega hasta $120 millones para aquellos de mayor matr\u00edcula, en atenci\u00f3n a los aumentos en los costos de la tecnolog\u00eda y el transporte que se han producido durante la pandemia. Asimismo, se incorpor\u00f3 la posibilidad de que hasta un 30% de los recursos pueda ser usado en equipos que no se mencionen expl\u00edcitamente en la regulaci\u00f3n vigente, de modo que los liceos t\u00e9cnico-profesionales puedan adecuar las postulaciones a sus propias necesidades pedag\u00f3gicas.<\/p>\n\n\n\n<p>El subsecretario de Educaci\u00f3n, Nicol\u00e1s Cataldo, destac\u00f3 que \u201ccomo parte del cambio de paradigma en educaci\u00f3n, el programa de Gobierno propone transitar hacia una educaci\u00f3n t\u00e9cnico profesional para el desarrollo humano sostenible, que pone en el centro de su quehacer el bienestar sustantivo de los y las estudiantes y las comunidades. A trav\u00e9s de estos fondos, los liceos t\u00e9cnicos podr\u00e1n financiar iniciativas que potencien la especializaci\u00f3n, los talentos y vocaciones de sus estudiantes\u201d.<\/p>\n\n\n\n<p>Por otro lado, puntualiz\u00f3 que \u201ceste a\u00f1o, atendiendo a las necesidades de los distintos sostenedores, realizaremos dos convocatorias, la primera dirigida a los liceos municipales, particulares subvencionados y de administraci\u00f3n delegada, actualmente vigente, y la que iniciaremos a mediados del segundo semestre, destinada a los liceos dependientes de los Servicios Locales de Educaci\u00f3n P\u00fablica (SLEP)\u201d, dijo.<\/p>\n\n\n\n<p>Las postulaciones deben ser entregadas f\u00edsicamente en la oficina de partes del Ministerio de Educaci\u00f3n o de sus Secretar\u00edas Regionales Ministeriales, ubicadas en cada una de las regiones del pa\u00eds, a m\u00e1s tardar el 28 de julio de 2022 a las 13:00 horas.<\/p>\n\n\n\n<p>Los establecimientos interesados en concursar y que impartan Educaci\u00f3n Media T\u00e9cnico Profesional pueden revisar las bases de postulaci\u00f3n disponibles en&nbsp;<a href=\"https:\/\/nam02.safelinks.protection.outlook.com\/?url=https%3A%2F%2Ftecnicoprofesional.mineduc.cl%2Fconcursos%2520%2F&amp;data=05%7C01%7Cpaulina.fernandezh%40mineduc.cl%7Cbd29252ac4dd461550c308da64139ae9%7C2e4cfe500580414093874ecde39def60%7C0%7C0%7C637932332627892512%7CUnknown%7CTWFpbGZsb3d8eyJWIjoiMC4wLjAwMDAiLCJQIjoiV2luMzIiLCJBTiI6Ik1haWwiLCJXVCI6Mn0%3D%7C3000%7C%7C%7C&amp;sdata=EmxtpxnDrTUD18zdUQ3wgzFT134BL6jrwvRJbjW3DPo%3D&amp;reserved=0\" target=\"_blank\" rel=\"noreferrer noopener\">https:\/\/tecnicoprofesional.mineduc.cl\/concursos \/<\/a>&nbsp;<\/p>\n","protected":false},"excerpt":{"rendered":"<p>El Ministerio de Educaci\u00f3n abri\u00f3 la convocatoria del concurso \u201cEquipamiento para Establecimientos de Educaci\u00f3n Media T\u00e9cnico Profesional\u201d, al que podr\u00e1n postular liceos municipales, particulares subvencionados y de administraci\u00f3n delegada, y&#8230; <a class=\"read-more\" href=\"https:\/\/www.radiopresidenteibanez.cl\/web\/mineduc-abre-concurso-para-que-liceos-tecnico-profesionales-mejoren-equipamiento-de-sus-especialidades\/\">Leer m\u00e1s<\/a><\/p>\n","protected":false},"author":2,"featured_media":31125,"comment_status":"closed","ping_status":"closed","sticky":false,"template":"","format":"standard","meta":{"footnotes":""},"categories":[1],"tags":[],"class_list":["post-31124","post","type-post","status-publish","format-standard","has-post-thumbnail","hentry","category-cronica"],"_links":{"self":[{"href":"https:\/\/www.radiopresidenteibanez.cl\/web\/wp-json\/wp\/v2\/posts\/31124","targetHints":{"allow":["GET"]}}],"collection":[{"href":"https:\/\/www.radiopresidenteibanez.cl\/web\/wp-json\/wp\/v2\/posts"}],"about":[{"href":"https:\/\/www.radiopresidenteibanez.cl\/web\/wp-json\/wp\/v2\/types\/post"}],"author":[{"embeddable":true,"href":"https:\/\/www.radiopresidenteibanez.cl\/web\/wp-json\/wp\/v2\/users\/2"}],"replies":[{"embeddable":true,"href":"https:\/\/www.radiopresidenteibanez.cl\/web\/wp-json\/wp\/v2\/comments?post=31124"}],"version-history":[{"count":0,"href":"https:\/\/www.radiopresidenteibanez.cl\/web\/wp-json\/wp\/v2\/posts\/31124\/revisions"}],"wp:featuredmedia":[{"embeddable":true,"href":"https:\/\/www.radiopresidenteibanez.cl\/web\/wp-json\/wp\/v2\/media\/31125"}],"wp:attachment":[{"href":"https:\/\/www.radiopresidenteibanez.cl\/web\/wp-json\/wp\/v2\/media?parent=31124"}],"wp:term":[{"taxonomy":"category","embeddable":true,"href":"https:\/\/www.radiopresidenteibanez.cl\/web\/wp-json\/wp\/v2\/categories?post=31124"},{"taxonomy":"post_tag","embeddable":true,"href":"https:\/\/www.radiopresidenteibanez.cl\/web\/wp-json\/wp\/v2\/tags?post=31124"}],"curies":[{"name":"wp","href":"https:\/\/api.w.org\/{rel}","templated":true}]}}