{"id":31121,"date":"2022-07-12T12:14:43","date_gmt":"2022-07-12T15:14:43","guid":{"rendered":"https:\/\/www.radiopresidenteibanez.cl\/web\/?p=31121"},"modified":"2022-07-12T12:14:51","modified_gmt":"2022-07-12T15:14:51","slug":"el-radioteatro-en-la-historia-de-100-anos-de-la-radio-en-chile","status":"publish","type":"post","link":"https:\/\/www.radiopresidenteibanez.cl\/web\/el-radioteatro-en-la-historia-de-100-anos-de-la-radio-en-chile\/","title":{"rendered":"EL RADIOTEATRO EN LA HISTORIA DE 100 A\u00d1OS DE LA RADIO EN CHILE"},"content":{"rendered":"\n<p>&nbsp;Este jueves 14 de julio 20 hrs., hora de Magallanes, el programa \u201c<em>El \u00faltimo tren a casa<\/em>\u201d que produce el Colectivo Aczi\u00f3n Kultural&nbsp;&nbsp;y&nbsp;&nbsp;que conduce Pedro Guichapany en radio Presidente Ib\u00e1\u00f1ez contin\u00faa con el ciclo de programas los d\u00edas martes y jueves del mes de julio dedicados al Radioteatro&nbsp;<strong>\u201cEL SINIESTRO Dr. MORTIS<\/strong>\u201d, una creaci\u00f3n del magall\u00e1nico&nbsp;<em>Juan Marino Cabello<\/em>&nbsp;en una producci\u00f3n realizada junto a su esposa&nbsp;<em>Eva Martinic.<\/em><\/p>\n\n\n\n<p>El pr\u00f3ximo 19 de agosto se conmemorar\u00e1n 100 a\u00f1os de la primera transmisi\u00f3n radial en Chile, fue exactamente el 19 de agosto de 1922. La historia de la radio en nuestro pa\u00eds ha proporcionado a sus oyentes una variada alternativa de programas, uno de ellos es el Radioteatro donde uno de sus mentores ser\u00e1 el&nbsp;&nbsp;magall\u00e1nico Juan Marino Cabello.<\/p>\n\n\n\n<p>El v\u00ednculo indisoluble entre la radio y la imaginaci\u00f3n signific\u00f3 la formaci\u00f3n de un g\u00e9nero particularmente relevante:&nbsp;<strong>el Radioteatro<\/strong>. El primero transmitido en Chile, desde la desaparecida radio Universo el a\u00f1o 1932, fue la pieza&nbsp;<em>\u00abLa Enemiga<\/em>\u00ab, de Dar\u00edo Nicomedi, con las voces principales de Maruja Cifuentes y Carlos Justiniano. Este g\u00e9nero se transform\u00f3 en un programa de mediod\u00eda y principalmente dirigido al p\u00fablico femenino.La transmisi\u00f3n del drama y la comedia desde el dial fue una de las principales actividades radiales durante las d\u00e9cadas de 1940, 1950 y 1960, destac\u00e1ndose programas como&nbsp;<em>\u201cHogar Dulce Hogar\u201d, \u201cResidencial La Pichanga\u201d, \u201cRadiotanda\u201d<\/em>&nbsp;y&nbsp;<em>\u00abLa \u201cBandita de Firulete\u201d<\/em>.<\/p>\n\n\n\n<p>En 1940 surge dentro del radioteatro la tem\u00e1tica del suspenso y terror a trav\u00e9s de&nbsp;<em>\u201cEl Siniestro Dr. Mortis\u00bb<\/em>. El personaje del Siniestro Dr. Mortis fue creado por el guionista Chileno Juan Marino Cabello. Fue en Punta Arenas, primero en forma de un radioteatro que se transmiti\u00f3 exitosamente para luego llegar a&nbsp; diferentes emisoras Chilenas entre 1945 y 1982.<\/p>\n\n\n\n<p>Simult\u00e1neamente el personaje se volcar\u00eda a las p\u00e1ginas de comic y obtendr\u00eda su propio programa de televisi\u00f3n entre 1971 y 1973, a trav\u00e9s de las pantallas de Canal 13. Se editaron varios longplay con episodios de la serie radial, e incluso un disco de m\u00fasica tropical. En 1973 la Editorial del Pac\u00edfico public\u00f3 tres libros de cuentos con las Memorias del Dr. Mortis escritos siempre por Juan Marino.<\/p>\n\n\n\n<p>En los 100 a\u00f1os de la creaci\u00f3n de la Radio en Chile que se celebrar\u00e1 el pr\u00f3ximo 19 de agosto indudablemente que el nombre de&nbsp;<strong>JUAN MARINO CABELLO<\/strong>&nbsp;&nbsp;estar\u00e1 presente y ser\u00e1 destacado por el inmenso aporte entregado desde Punta Arenas a todo el pa\u00eds.<br><\/p>\n","protected":false},"excerpt":{"rendered":"<p>&nbsp;Este jueves 14 de julio 20 hrs., hora de Magallanes, el programa \u201cEl \u00faltimo tren a casa\u201d que produce el Colectivo Aczi\u00f3n Kultural&nbsp;&nbsp;y&nbsp;&nbsp;que conduce Pedro Guichapany en radio Presidente Ib\u00e1\u00f1ez&#8230; <a class=\"read-more\" href=\"https:\/\/www.radiopresidenteibanez.cl\/web\/el-radioteatro-en-la-historia-de-100-anos-de-la-radio-en-chile\/\">Leer m\u00e1s<\/a><\/p>\n","protected":false},"author":2,"featured_media":31122,"comment_status":"closed","ping_status":"closed","sticky":false,"template":"","format":"standard","meta":{"footnotes":""},"categories":[1],"tags":[],"class_list":["post-31121","post","type-post","status-publish","format-standard","has-post-thumbnail","hentry","category-cronica"],"_links":{"self":[{"href":"https:\/\/www.radiopresidenteibanez.cl\/web\/wp-json\/wp\/v2\/posts\/31121","targetHints":{"allow":["GET"]}}],"collection":[{"href":"https:\/\/www.radiopresidenteibanez.cl\/web\/wp-json\/wp\/v2\/posts"}],"about":[{"href":"https:\/\/www.radiopresidenteibanez.cl\/web\/wp-json\/wp\/v2\/types\/post"}],"author":[{"embeddable":true,"href":"https:\/\/www.radiopresidenteibanez.cl\/web\/wp-json\/wp\/v2\/users\/2"}],"replies":[{"embeddable":true,"href":"https:\/\/www.radiopresidenteibanez.cl\/web\/wp-json\/wp\/v2\/comments?post=31121"}],"version-history":[{"count":0,"href":"https:\/\/www.radiopresidenteibanez.cl\/web\/wp-json\/wp\/v2\/posts\/31121\/revisions"}],"wp:featuredmedia":[{"embeddable":true,"href":"https:\/\/www.radiopresidenteibanez.cl\/web\/wp-json\/wp\/v2\/media\/31122"}],"wp:attachment":[{"href":"https:\/\/www.radiopresidenteibanez.cl\/web\/wp-json\/wp\/v2\/media?parent=31121"}],"wp:term":[{"taxonomy":"category","embeddable":true,"href":"https:\/\/www.radiopresidenteibanez.cl\/web\/wp-json\/wp\/v2\/categories?post=31121"},{"taxonomy":"post_tag","embeddable":true,"href":"https:\/\/www.radiopresidenteibanez.cl\/web\/wp-json\/wp\/v2\/tags?post=31121"}],"curies":[{"name":"wp","href":"https:\/\/api.w.org\/{rel}","templated":true}]}}