{"id":31118,"date":"2022-07-12T10:01:13","date_gmt":"2022-07-12T13:01:13","guid":{"rendered":"https:\/\/www.radiopresidenteibanez.cl\/web\/?p=31118"},"modified":"2022-07-12T10:01:20","modified_gmt":"2022-07-12T13:01:20","slug":"situacion-hospital-clinico-magallanes-y-red-integrada-covid-236","status":"publish","type":"post","link":"https:\/\/www.radiopresidenteibanez.cl\/web\/situacion-hospital-clinico-magallanes-y-red-integrada-covid-236\/","title":{"rendered":"SITUACI\u00d3N HOSPITAL CLINICO MAGALLANES Y RED INTEGRADA COVID"},"content":{"rendered":"\n<p>Una ocupaci\u00f3n\ndel 80,5% presenta la ma\u00f1ana de este martes 12 de julio, la Unidad de Paciente\nCr\u00edtico del Hospital Cl\u00ednico Magallanes (HCM), lo que se traduce en la disponibilidad\nde 4 cupo UCI y 3 UTI. Reiterar que la ocupaci\u00f3n de camas es din\u00e1mica y var\u00eda\ndebido a diversas situaciones.<\/p>\n\n\n\n<p>Respecto de la\nRed Integrada COVID -19, compuesta por establecimientos con camas UCI \u2013 UTI e\nintegrada por HCM, Hospital Dr. Augusto Essmann Burgos de Puerto Natales, Hospital\nde las Fuerzas Armadas y Cl\u00ednica Red Salud Magallanes, registra un 68,42% de\nocupaci\u00f3n, con disponibilidad regional de 18 camas cr\u00edticas (11 UCI y 7 UTI), mientras\nque los ventiladores mec\u00e1nicos invasivos alcanzan un 27,27% de ocupaci\u00f3n, con 6\nequipos ocupados y 16 equipos disponibles. Se\u00f1alar que, de las 39 camas\ncr\u00edticas ocupadas en la Red Integrada, 8 corresponde a paciente COVID-19\npositivo, con hospitalizaci\u00f3n de 7 en HCM (2 UCI \u2013 5 UTI) y 1 en UTI Cl\u00ednica Red\nSalud Magallanes. De igual forma, se registran 10 hospitalizados en cama b\u00e1sica\nen HCM.<\/p>\n","protected":false},"excerpt":{"rendered":"<p>Una ocupaci\u00f3n del 80,5% presenta la ma\u00f1ana de este martes 12 de julio, la Unidad de Paciente Cr\u00edtico del Hospital Cl\u00ednico Magallanes (HCM), lo que se traduce en la disponibilidad&#8230; <a class=\"read-more\" href=\"https:\/\/www.radiopresidenteibanez.cl\/web\/situacion-hospital-clinico-magallanes-y-red-integrada-covid-236\/\">Leer m\u00e1s<\/a><\/p>\n","protected":false},"author":2,"featured_media":31119,"comment_status":"closed","ping_status":"closed","sticky":false,"template":"","format":"standard","meta":{"footnotes":""},"categories":[1],"tags":[],"class_list":["post-31118","post","type-post","status-publish","format-standard","has-post-thumbnail","hentry","category-cronica"],"_links":{"self":[{"href":"https:\/\/www.radiopresidenteibanez.cl\/web\/wp-json\/wp\/v2\/posts\/31118","targetHints":{"allow":["GET"]}}],"collection":[{"href":"https:\/\/www.radiopresidenteibanez.cl\/web\/wp-json\/wp\/v2\/posts"}],"about":[{"href":"https:\/\/www.radiopresidenteibanez.cl\/web\/wp-json\/wp\/v2\/types\/post"}],"author":[{"embeddable":true,"href":"https:\/\/www.radiopresidenteibanez.cl\/web\/wp-json\/wp\/v2\/users\/2"}],"replies":[{"embeddable":true,"href":"https:\/\/www.radiopresidenteibanez.cl\/web\/wp-json\/wp\/v2\/comments?post=31118"}],"version-history":[{"count":0,"href":"https:\/\/www.radiopresidenteibanez.cl\/web\/wp-json\/wp\/v2\/posts\/31118\/revisions"}],"wp:featuredmedia":[{"embeddable":true,"href":"https:\/\/www.radiopresidenteibanez.cl\/web\/wp-json\/wp\/v2\/media\/31119"}],"wp:attachment":[{"href":"https:\/\/www.radiopresidenteibanez.cl\/web\/wp-json\/wp\/v2\/media?parent=31118"}],"wp:term":[{"taxonomy":"category","embeddable":true,"href":"https:\/\/www.radiopresidenteibanez.cl\/web\/wp-json\/wp\/v2\/categories?post=31118"},{"taxonomy":"post_tag","embeddable":true,"href":"https:\/\/www.radiopresidenteibanez.cl\/web\/wp-json\/wp\/v2\/tags?post=31118"}],"curies":[{"name":"wp","href":"https:\/\/api.w.org\/{rel}","templated":true}]}}