{"id":31113,"date":"2022-07-12T08:13:37","date_gmt":"2022-07-12T11:13:37","guid":{"rendered":"https:\/\/www.radiopresidenteibanez.cl\/web\/?p=31113"},"modified":"2022-07-12T08:13:44","modified_gmt":"2022-07-12T11:13:44","slug":"por-emilio-jimenez","status":"publish","type":"post","link":"https:\/\/www.radiopresidenteibanez.cl\/web\/por-emilio-jimenez\/","title":{"rendered":"POR EMILIO JIMENEZ"},"content":{"rendered":"\n<p>Luego de cumplir en el limitado\nplazo legal que se le impuso para cumplir el mandato ciudadano, proponer una constituci\u00f3n\nde reemplazo de la impuesta por la dictadura, se disolvi\u00f3 la Convenci\u00f3n\nConstitucional, la instituci\u00f3n m\u00e1s democr\u00e1tica que haya existido en toda la\nhistoria republicana del pa\u00eds, elegida por la soberan\u00eda popular, constituida\nparitariamente e integrada con representantes propios de los pueblos\noriginarios. El debate sale de los salones donde funcionara el Congreso\nNacional disuelto a sangre y fuego por la tiran\u00eda en 1973, para incluir a\nmillones de chilenas y chilenos en descubrir en un texto real los avances\ndemocr\u00e1ticos, humanitarios y civilizatorios que propone. <\/p>\n\n\n\n<p>A coro, desde las tribunas que\nlos prefieren, controladas por la \u00e9lite empresarial, como son la casi totalidad\nde los diarios, canales de televisi\u00f3n y radioemisoras en el pa\u00eds, los\nconservadores, un\u00e1nimes en la derecha y con escasos representantes en la ex Concertaci\u00f3n,\nexpresan su rechazo al estado social democr\u00e1tico de derechos, a la democracia\nparitaria, al reconocimiento constitucional de los pueblos originarios, al\nt\u00e9rmino de la tutela militar, qued\u00e1ndose con la que le otorga privilegios a una\nminor\u00eda sobre representada en el estado y concentradora del patrimonio e\ningreso nacional. <\/p>\n\n\n\n<p>Quienes desde el primer gobierno\npost dictadura se comprometieron con una Nueva Constituci\u00f3n, al igual que lo\nhicieron para poner fin a la tiran\u00eda, se han unido para promover un dialogo\nciudadano en todos los espacios posibles en favor de la opci\u00f3n apruebo, basado\nen el texto de la Nueva Constituci\u00f3n aprobado por m\u00e1s de dos tercios de los\nconvencionales. Todas las formaciones pol\u00edticas de izquierda y de centro se han\ndefinido por la opci\u00f3n apruebo, lo mismo ha sucedido con las organizaciones\nsociales del mundo popular. La derecha y las organizaciones del alto\nempresariado se han quedado solos blandiendo la constituci\u00f3n de Pinochet como\narma de defensa de sus privilegios amenazados, con la colaboraci\u00f3n de ex\nconcertacionistas que bloquearon permanentemente los cambios que profundizaban\nla democracia.<\/p>\n\n\n\n<p>El programa radial Un Rojo\nAmanecer, una voz socialista en Magallanes, seguir\u00e1 colaborando para derogar la\nConstituci\u00f3n de la \u00e9lite empresarial impuesta en dictadura, sum\u00e1ndose en la\ndifusi\u00f3n del texto de la Nueva Constituci\u00f3n, en lograr adhesiones a la opci\u00f3n\napruebo y en desenmascarar a quienes le mienten a la poblaci\u00f3n para defender\nsus privilegios.<\/p>\n","protected":false},"excerpt":{"rendered":"<p>Luego de cumplir en el limitado plazo legal que se le impuso para cumplir el mandato ciudadano, proponer una constituci\u00f3n de reemplazo de la impuesta por la dictadura, se disolvi\u00f3&#8230; <a class=\"read-more\" href=\"https:\/\/www.radiopresidenteibanez.cl\/web\/por-emilio-jimenez\/\">Leer m\u00e1s<\/a><\/p>\n","protected":false},"author":2,"featured_media":30685,"comment_status":"closed","ping_status":"closed","sticky":false,"template":"","format":"standard","meta":{"footnotes":""},"categories":[1],"tags":[],"class_list":["post-31113","post","type-post","status-publish","format-standard","has-post-thumbnail","hentry","category-cronica"],"_links":{"self":[{"href":"https:\/\/www.radiopresidenteibanez.cl\/web\/wp-json\/wp\/v2\/posts\/31113","targetHints":{"allow":["GET"]}}],"collection":[{"href":"https:\/\/www.radiopresidenteibanez.cl\/web\/wp-json\/wp\/v2\/posts"}],"about":[{"href":"https:\/\/www.radiopresidenteibanez.cl\/web\/wp-json\/wp\/v2\/types\/post"}],"author":[{"embeddable":true,"href":"https:\/\/www.radiopresidenteibanez.cl\/web\/wp-json\/wp\/v2\/users\/2"}],"replies":[{"embeddable":true,"href":"https:\/\/www.radiopresidenteibanez.cl\/web\/wp-json\/wp\/v2\/comments?post=31113"}],"version-history":[{"count":0,"href":"https:\/\/www.radiopresidenteibanez.cl\/web\/wp-json\/wp\/v2\/posts\/31113\/revisions"}],"wp:featuredmedia":[{"embeddable":true,"href":"https:\/\/www.radiopresidenteibanez.cl\/web\/wp-json\/wp\/v2\/media\/30685"}],"wp:attachment":[{"href":"https:\/\/www.radiopresidenteibanez.cl\/web\/wp-json\/wp\/v2\/media?parent=31113"}],"wp:term":[{"taxonomy":"category","embeddable":true,"href":"https:\/\/www.radiopresidenteibanez.cl\/web\/wp-json\/wp\/v2\/categories?post=31113"},{"taxonomy":"post_tag","embeddable":true,"href":"https:\/\/www.radiopresidenteibanez.cl\/web\/wp-json\/wp\/v2\/tags?post=31113"}],"curies":[{"name":"wp","href":"https:\/\/api.w.org\/{rel}","templated":true}]}}